{"id":148225,"date":"2021-01-12T08:20:00","date_gmt":"2021-01-12T14:20:00","guid":{"rendered":"https:\/\/plazajuarez.mx\/?p=148225"},"modified":"2021-01-12T08:20:09","modified_gmt":"2021-01-12T14:20:09","slug":"reclusos-con-talleres-en-linea-y-capacitacion-para-el-trabajo","status":"publish","type":"post","link":"https:\/\/plazajuarez.mx\/historico\/reclusos-con-talleres-en-linea-y-capacitacion-para-el-trabajo\/","title":{"rendered":"Reclusos con talleres en l\u00ednea y capacitaci\u00f3n para el trabajo"},"content":{"rendered":"\n<p>Porque un objetivo que se persigue es el de proporcionar diversidad de actividades que permitan mejor reinserci\u00f3n de internos a la sociedad, la autoridad penitenciaria realiz\u00f3 la gesti\u00f3n ante el ICATHI, a efecto de que se impartan cursos en l\u00ednea y se realicen talleres para las personas privadas de su libertad en los diferentes CERESOS del Estado de Hidalgo.<\/p>\n\n\n\n<p>Adem\u00e1s de ello se solicit\u00f3 que tengan condiciones para dicho fin y de este modo realizar la implementaci\u00f3n de diversos cursos que les permitan a las personas privadas de la libertad el continuar aprendiendo mediante talleres virtuales.<\/p>\n\n\n\n<p>La ley de Ejecuci\u00f3n Penal en su Art\u00edculo 87 establece que la capacitaci\u00f3n para el trabajo se define como proceso formativo que utiliza un procedimiento planeado, sistem\u00e1tico y organizado, mediante el cual las personas privadas de la libertad adquieren los conocimientos, aptitudes, habilidades t\u00e9cnicas y competencias laborales necesarias para realizar actividades productivas durante su reclusi\u00f3n y la posibilidad de seguir desarroll\u00e1ndolas en libertad.<\/p>\n\n\n\n<p>Por lo que respecta al Eje de Reinserci\u00f3n \u201cCapacitaci\u00f3n para el trabajo\u201d y en atenci\u00f3n al hecho de efectuar la promoci\u00f3n de la participaci\u00f3n de las personas privadas de la libertad en los cursos de capacitaci\u00f3n para el trabajo y as\u00ed continuar desarrollando las competencias laborales que les permita desempe\u00f1ar un oficio.<\/p>\n\n\n\n<p>La autoridad penitenciaria realiza acciones tendientes a la impartici\u00f3n de talleres, como elaboraci\u00f3n de alhajeros, libretas de resina, figuras con papel mache, figuras de migaj\u00f3n, empalillado, figuras de jab\u00f3n y panader\u00eda b\u00e1sica.<\/p>\n","protected":false},"excerpt":{"rendered":"<p>Porque un objetivo que se persigue es el de proporcionar diversidad de actividades que permitan mejor reinserci\u00f3n de internos a la sociedad, la autoridad penitenciaria realiz\u00f3 la gesti\u00f3n ante el ICATHI, a efecto de que se impartan cursos en l\u00ednea y se realicen talleres para las personas privadas de su libertad en los diferentes CERESOS [&hellip;]<\/p>\n","protected":false},"author":93,"featured_media":148226,"comment_status":"closed","ping_status":"open","sticky":false,"template":"","format":"standard","meta":{"footnotes":""},"categories":[37],"tags":[],"class_list":["post-148225","post","type-post","status-publish","format-standard","has-post-thumbnail","hentry","category-barandilla"],"_links":{"self":[{"href":"https:\/\/plazajuarez.mx\/historico\/wp-json\/wp\/v2\/posts\/148225","targetHints":{"allow":["GET"]}}],"collection":[{"href":"https:\/\/plazajuarez.mx\/historico\/wp-json\/wp\/v2\/posts"}],"about":[{"href":"https:\/\/plazajuarez.mx\/historico\/wp-json\/wp\/v2\/types\/post"}],"author":[{"embeddable":true,"href":"https:\/\/plazajuarez.mx\/historico\/wp-json\/wp\/v2\/users\/93"}],"replies":[{"embeddable":true,"href":"https:\/\/plazajuarez.mx\/historico\/wp-json\/wp\/v2\/comments?post=148225"}],"version-history":[{"count":0,"href":"https:\/\/plazajuarez.mx\/historico\/wp-json\/wp\/v2\/posts\/148225\/revisions"}],"wp:featuredmedia":[{"embeddable":true,"href":"https:\/\/plazajuarez.mx\/historico\/wp-json\/wp\/v2\/media\/148226"}],"wp:attachment":[{"href":"https:\/\/plazajuarez.mx\/historico\/wp-json\/wp\/v2\/media?parent=148225"}],"wp:term":[{"taxonomy":"category","embeddable":true,"href":"https:\/\/plazajuarez.mx\/historico\/wp-json\/wp\/v2\/categories?post=148225"},{"taxonomy":"post_tag","embeddable":true,"href":"https:\/\/plazajuarez.mx\/historico\/wp-json\/wp\/v2\/tags?post=148225"}],"curies":[{"name":"wp","href":"https:\/\/api.w.org\/{rel}","templated":true}]}}