{"id":148212,"date":"2021-01-12T07:19:59","date_gmt":"2021-01-12T13:19:59","guid":{"rendered":"https:\/\/plazajuarez.mx\/?p=148212"},"modified":"2021-01-12T07:20:13","modified_gmt":"2021-01-12T13:20:13","slug":"alfil-negro-1997","status":"publish","type":"post","link":"https:\/\/plazajuarez.mx\/historico\/alfil-negro-1997\/","title":{"rendered":"ALFIL NEGRO"},"content":{"rendered":"\n<h2 class=\"wp-block-heading\">&#8220;VA POR HIDALGO&#8221; Y SUS PROBLEMAS<\/h2>\n\n\n\n<p>La alianza &#8220;Va por Hidalgo&#8221; para diputados federales que conforman PRI, PAN&nbsp; y PRD de entrada da la idea de un grupo pol\u00edtico poderoso, que debe augurar triunfos importantes para la elecci\u00f3n del 6 de junio, sobre todo porque en la elecci\u00f3n del 18 de octubre demostraron ser institutos fuertes y con buenos resultados que todo mundo conoce, m\u00e1s el PRI que result\u00f3 el gran triunfador de&nbsp; las elecciones municipales.<\/p>\n\n\n\n<p>Si la intenci\u00f3n es pegarle a Morena, se puede decir que le deben dar una zoqueta.&nbsp;<\/p>\n\n\n\n<p>Pero&#8230;<\/p>\n\n\n\n<p>No se crea que una vez hecha la alianza ya todo es coser y cantar. Poco a poco empiezan a aflorar cuestionamientos y dudas sobre esta alianza que como planteamiento es impecable, sobre todo por su finalidad que es acotar el ejercicio del poder Ejecutivo Federal que no a todos tiene&nbsp; contentos por la forma en que se ejerce, pero que ya al poner en pr\u00e1ctica su ejecuci\u00f3n crea dudas.<\/p>\n\n\n\n<p>De acuerdo a lo que se ha dado a conocer los partidos acordaron que el PRI tenga candidato en los distritos de HUEJUTLA, PACHUCA Y TEPEAPULCO. El PAN en los distritos de TULANCINGO E IXMIQUILPAN y el PRD en ACTOPAN Y TULA.<\/p>\n\n\n\n<p>Es el acuerdo al que llegaron y a eso se deben atender con disciplina para poder ganar.&nbsp;<\/p>\n\n\n\n<p>El PRI en Huejutla no la tiene&nbsp; tan f\u00e1cil por ser, para llamarlo de alg\u00fan modo, territorio del PESH aunque mucho contar\u00e1 lo que signifique un personaje priista importante en toda esa zona y que seguramente tratar\u00e1 de influir en el presente y sembrar para el ma\u00f1ana.<\/p>\n\n\n\n<p>Se supone que Pachuca , si la alianza es de verdad lo debe ganar el partido tricolor, sobre todo si de la baraja posible elige con sabidur\u00eda y sin enredos.<\/p>\n\n\n\n<p>El distrito de Tepeapulco es un reto as\u00ed propongan como abanderado a una gente del distrito, pero no suena imposible ganarlo.<\/p>\n\n\n\n<p>En el caso de Pachuca, ya hay voces panistas que hablan&nbsp; de una gran fuerza azul en este distrito que se puede hacer presente si en la f\u00f3rmula para la candidatura van incluidos panistas fuertes.<\/p>\n\n\n\n<p>El PAN puede ganar Tulancingo, s\u00ed apuesta con un buen candidato y hace valer la alianza realmente. En IXMIQUILPAN&nbsp; no es f\u00e1cil por la fuerza de grupos de poder de la regi\u00f3n y la presencia de viejos&nbsp; l\u00edderes que actuar\u00e1n como siempre lo han hecho, de acuerdo a la ganancia que puedan obtener.<\/p>\n\n\n\n<p>El PRD en TULA&nbsp; tiene muchas opciones de ganar el distrito como consecuencia del triunfo en la Municipal, con candidatura com\u00fan con el PAN&nbsp; y es, vista as\u00ed, una buena decisi\u00f3n de &#8220;Va por Hidalgo&#8221;. En HUEJUTLA no est\u00e1 tan claro el asunto.<\/p>\n\n\n\n<p>Lo m\u00e1s dif\u00edcil y que seguramente ya se trabaja es unir las voluntades de los miembros de los tres partidos para que sean uno en intenci\u00f3n y acci\u00f3n.<\/p>\n\n\n\n<p>Si se logra el camino ser\u00e1 muy bueno porque tendr\u00e1n unidad.<\/p>\n\n\n\n<p>Pero no se ve f\u00e1cil.<\/p>\n","protected":false},"excerpt":{"rendered":"<p>&#8220;VA POR HIDALGO&#8221; Y SUS PROBLEMAS La alianza &#8220;Va por Hidalgo&#8221; para diputados federales que conforman PRI, PAN&nbsp; y PRD de entrada da la idea de un grupo pol\u00edtico poderoso, que debe augurar triunfos importantes para la elecci\u00f3n del 6 de junio, sobre todo porque en la elecci\u00f3n del 18 de octubre demostraron ser institutos [&hellip;]<\/p>\n","protected":false},"author":83,"featured_media":0,"comment_status":"closed","ping_status":"open","sticky":false,"template":"","format":"standard","meta":{"footnotes":""},"categories":[48,42],"tags":[],"class_list":["post-148212","post","type-post","status-publish","format-standard","hentry","category-adalberto-peralta","category-nuestrapalabra"],"_links":{"self":[{"href":"https:\/\/plazajuarez.mx\/historico\/wp-json\/wp\/v2\/posts\/148212","targetHints":{"allow":["GET"]}}],"collection":[{"href":"https:\/\/plazajuarez.mx\/historico\/wp-json\/wp\/v2\/posts"}],"about":[{"href":"https:\/\/plazajuarez.mx\/historico\/wp-json\/wp\/v2\/types\/post"}],"author":[{"embeddable":true,"href":"https:\/\/plazajuarez.mx\/historico\/wp-json\/wp\/v2\/users\/83"}],"replies":[{"embeddable":true,"href":"https:\/\/plazajuarez.mx\/historico\/wp-json\/wp\/v2\/comments?post=148212"}],"version-history":[{"count":0,"href":"https:\/\/plazajuarez.mx\/historico\/wp-json\/wp\/v2\/posts\/148212\/revisions"}],"wp:attachment":[{"href":"https:\/\/plazajuarez.mx\/historico\/wp-json\/wp\/v2\/media?parent=148212"}],"wp:term":[{"taxonomy":"category","embeddable":true,"href":"https:\/\/plazajuarez.mx\/historico\/wp-json\/wp\/v2\/categories?post=148212"},{"taxonomy":"post_tag","embeddable":true,"href":"https:\/\/plazajuarez.mx\/historico\/wp-json\/wp\/v2\/tags?post=148212"}],"curies":[{"name":"wp","href":"https:\/\/api.w.org\/{rel}","templated":true}]}}