{"id":14821,"date":"2015-12-17T14:53:55","date_gmt":"2015-12-17T14:53:55","guid":{"rendered":"http:\/\/plazajuarez.mx\/index\/index.php\/2015\/12\/17\/mandaderos\/"},"modified":"2015-12-17T14:53:55","modified_gmt":"2015-12-17T14:53:55","slug":"mandaderos","status":"publish","type":"post","link":"https:\/\/plazajuarez.mx\/historico\/mandaderos\/","title":{"rendered":"\u00bfMandaderos?"},"content":{"rendered":"<p>Es aberrante que el Presidente nombre a los integrantes de un Poder del Estado cuya funci\u00f3n es controlarlo.<\/p>\n<p>  <!--more-->  <\/p>\n<p>Pese al esc\u00e1ndalo que provoc\u00f3 la imposici\u00f3n de Medina Mora en la Suprema Corte, no \u201cid\u00f3neo\u201d, visto como el nombramiento de un \u201cenlace\u201d con Washington para acordar la Reforma Energ\u00e9tica; pese a que la Comisi\u00f3n Interamericana de Derechos Humanos, ante la crisis de justicia, urgi\u00f3 a que la designaci\u00f3n inminente de dos ministros de la Corte fuesen independientes del Ejecutivo, Pe\u00f1a Nieto, en lugar de buscar, de acuerdo a su responsabilidad de jefe de Estado a una personalidad de la mayor calidad y vocaci\u00f3n judicial, libre de toda sospecha de dependencia, mand\u00f3 al Senado dos ternas que evidenciaban a qui\u00e9nes deber\u00eda elegirse, una integrada por tres de sus funcionarios. <br \/>El m\u00e9todo constitucional para la designaci\u00f3n establecido por la reforma de 1994, seg\u00fan la iniciativa y dictamen, busc\u00f3 fortalecer al Poder Judicial, \u201csin intervenci\u00f3n de factores pol\u00edticos\u201d; el ministro Silva Meza, designado entonces, record\u00f3 al jubilarse, \u201cse enfatizaba la autonom\u00eda e independencia de la Corte\u201d. Fundamental en la Reforma es la comparecencia en el Pleno para \u201cun examen minucioso de antecedentes profesionales y personales, formular juicios sobre calidad moral y respetabilidad\u201d (Los Derechos del Pueblo Mexicano), dar mayor legitimidad social al Poder Judicial, reconoc\u00eda el Dictamen, \u201cmuchos conflictos sociales, se generaron por no existir mecanismos adecuados para revertir leyes y decisiones injustas\u201d; hab\u00eda que evitar que el Senado aprobar\u00e1 autom\u00e1ticamente las propuestas, \u201cdesempe\u00f1ando un mero papel legitimador\u201d (Enciclopedia Jur\u00eddica Mexicana). <br \/>Pero el Senado mont\u00f3 un simulacro: una presentaci\u00f3n el en Pleno, sin preguntas, envi\u00f3 las comparecencias a Comisiones y con un Dictamen que ignor\u00f3 las comparecencias, \u201caprob\u00f3 a todos\u201d, el Pleno, sin informaci\u00f3n, design\u00f3 a los se\u00f1alados por el Presidente: Laynez, para el PRI; la magistrada Pi\u00f1a, para el PAN, \u201caprobaci\u00f3n autom\u00e1tica\u201d, \u201cpapel legitimador\u201d. Laynez significa la determinaci\u00f3n de Pe\u00f1a, expresada con Medina Mora, de llevar a la Corte a funcionarios comprometidos con sus reformas y moralmente con \u00e9l. Laynez aleg\u00f3 autonom\u00eda e independencia, libertad de pensamiento no enajenada, por su capacidad de autodeterminaci\u00f3n, pero sus 30 a\u00f1os impulsando y defendiendo reformas del Ejecutivo, aceptando que lo hiciera \u201ccon sus convicciones\u201d, establece una ineludible dependencia de las reformas que sostuvo; al enfrentarse como juez ante convicciones diferentes, estar\u00e1 comprometido son las suyas, no ser\u00e1 un juez por encima de los diversos criterios que deber\u00e1 analizar, \u00bfrevertir\u00e1 \u201cleyes y decisiones injustas\u201d? La ministra Pi\u00f1a, se\u00f1alada por Pe\u00f1a, adquiere igualmente un compromiso pol\u00edtico, inadecuado. Subrayamos que la Comisi\u00f3n dictaminadora concluy\u00f3 un\u00e1nimemente que el modelo para designar a ministros era presidencialista y est\u00e1 agotado, pero en lugar de rechazar las ternas de un modelo tramposo y superado, aprobaron el fruto de ese modelo agotado. S\u00ed, es aberrante que el Presidente nombre a los integrantes de un Poder del Estado cuya funci\u00f3n es controlarlo, burla la divisi\u00f3n de poderes. <br \/>Un d\u00eda despu\u00e9s de la designaci\u00f3n de los ministros, en cuyo proceso se insisti\u00f3 en su dependencia, el presidente de la Corte, Luis Mar\u00eda Aguilar, en su Informe dijo: \u201cnadie puede influir en las decisiones de los impartidores de justicia, si un juez no es independiente es s\u00f3lo un mandadero, un escribano de alguien, en la Corte siempre estaremos del lado de la legalidad, nunca de aquellos que por el mero hecho de asumirse en alg\u00fan grado de poder creen tener la raz\u00f3n, la calidad de la democracia se mide por el grado de independencia de sus jueces\u201d. Estuvieron sentados frente a \u00e9l, los coordinadores del mencionado proceso y el Presidente, que lo impuso. \u00bfRespondi\u00f3 el presidente de la Corte al se\u00f1alamiento en el Senado de ministros dependientes?, \u00bfvendr\u00e1 un cambio en el m\u00e9todo de selecci\u00f3n o fue la confirmaci\u00f3n del mismo?, \u00bftodos son independientes? \u00a0\u00a0 \u00a0\u00a0\u00a0 \u00a0<\/p>\n","protected":false},"excerpt":{"rendered":"<p>Es aberrante que el Presidente nombre a los integrantes de un Poder del Estado cuya funci\u00f3n es controlarlo.<\/p>\n","protected":false},"author":93,"featured_media":0,"comment_status":"open","ping_status":"open","sticky":false,"template":"","format":"standard","meta":{"footnotes":""},"categories":[42],"tags":[],"class_list":["post-14821","post","type-post","status-publish","format-standard","hentry","category-nuestrapalabra"],"_links":{"self":[{"href":"https:\/\/plazajuarez.mx\/historico\/wp-json\/wp\/v2\/posts\/14821","targetHints":{"allow":["GET"]}}],"collection":[{"href":"https:\/\/plazajuarez.mx\/historico\/wp-json\/wp\/v2\/posts"}],"about":[{"href":"https:\/\/plazajuarez.mx\/historico\/wp-json\/wp\/v2\/types\/post"}],"author":[{"embeddable":true,"href":"https:\/\/plazajuarez.mx\/historico\/wp-json\/wp\/v2\/users\/93"}],"replies":[{"embeddable":true,"href":"https:\/\/plazajuarez.mx\/historico\/wp-json\/wp\/v2\/comments?post=14821"}],"version-history":[{"count":0,"href":"https:\/\/plazajuarez.mx\/historico\/wp-json\/wp\/v2\/posts\/14821\/revisions"}],"wp:attachment":[{"href":"https:\/\/plazajuarez.mx\/historico\/wp-json\/wp\/v2\/media?parent=14821"}],"wp:term":[{"taxonomy":"category","embeddable":true,"href":"https:\/\/plazajuarez.mx\/historico\/wp-json\/wp\/v2\/categories?post=14821"},{"taxonomy":"post_tag","embeddable":true,"href":"https:\/\/plazajuarez.mx\/historico\/wp-json\/wp\/v2\/tags?post=14821"}],"curies":[{"name":"wp","href":"https:\/\/api.w.org\/{rel}","templated":true}]}}