{"id":14820,"date":"2015-12-17T14:53:14","date_gmt":"2015-12-17T14:53:14","guid":{"rendered":"http:\/\/plazajuarez.mx\/index\/index.php\/2015\/12\/17\/agend-2018-pensiones\/"},"modified":"2015-12-17T14:53:14","modified_gmt":"2015-12-17T14:53:14","slug":"agend-2018-pensiones","status":"publish","type":"post","link":"https:\/\/plazajuarez.mx\/historico\/agend-2018-pensiones\/","title":{"rendered":"Agend@ 2018: pensiones"},"content":{"rendered":"<p>El tema de las pensiones tiene la mayor relevancia para el bienestar de generaciones actuales y futuras de mexicanos. Sin embargo, recibe poca atenci\u00f3n. Sea por ignorancia, incompetencia, o porque quienes conocen la gravedad del problema no se atreven a abordarlo, sobre todo funcionarios p\u00fablicos, que pagar\u00edan un \u201ccosto pol\u00edtico\u201d por plantear que, para resolverlo, se requiere un sacrificio adicional de la poblaci\u00f3n.<\/p>\n<p>  <!--more-->  <\/p>\n<p>Sin embargo, la situaci\u00f3n es tan cr\u00edtica que su debate no podr\u00e1 ser eludido durante la elecci\u00f3n presidencial de 2018. En esencia, el problema se resume en seis puntos. Primero, en su configuraci\u00f3n actual, el sistema es insatisfactorio y, para muchos, est\u00e1 casi quebrado. Los recursos que genera alcanzan s\u00f3lo para, eventualmente, otorgar pensiones \u201cempobrecedoras\u201d a quienes las recibir\u00e1n, pues en promedio ser\u00e1n equivalentes a entre 25 y 30% de sus ingresos durante los \u00faltimos a\u00f1os previos a su retiro. <br \/>Segundo, esto resulta de que en total, gobierno, empleadores y trabajadores aportan a la seguridad social es s\u00f3lo el equivalente a 6.5% de sus salarios. De \u00e9stos, el patr\u00f3n aporta 5.15%, el gobierno 0.225% (m\u00e1s una cuota generalizada), y los trabajadores s\u00f3lo 1.125% para su pensi\u00f3n futura. A un trabajador que gane 100 pesos diarios s\u00f3lo se le retiene 1.12 pesos para su el retiro, o sea, un ahorro pr\u00e1cticamente inexistente. El sistema hace que el \u201casegurado\u201d no haga un esfuerzo real para ahorrar para el retiro, el menor salvo en Estonia y Australia. <br \/>Tercero, salvo Costa Rica, M\u00e9xico es el pa\u00eds en el que se aporta menos al sistema de seguridad social (6.5%), en comparaci\u00f3n con Israel 15.0%, en Colombia es 16.0% y en Suecia es 17.2%. Para alcanzar una tasa de reemplazo de 50%, se calcula que se requerir\u00eda aportaciones totales a pensiones de entre 13 y 18% del salario. <br \/>Cuarto, debe se\u00f1alarse que en M\u00e9xico el patr\u00f3n adem\u00e1s paga 5% por aportaci\u00f3n para vivienda, contribuci\u00f3n que se origin\u00f3 para fondear al Infonavit cuando se cre\u00f3 en 1972. Esto encarece a\u00fan m\u00e1s el costo de la mano de obra y, por tanto, genera resistencia para crear empleos formales. <br \/>Quinto, existen otros sistemas de seguridad social p\u00fablicos, estatales, y de entidades paraestatales que tambi\u00e9n captan pocas contribuciones de los trabajadores, a pesar de que algunos de \u00e9stos conceden pensiones relativamente altas. Entonces, \u00bfqui\u00e9n paga esas pensiones? Los causantes que, v\u00eda impuestos, pagan lo necesario para cerrar el d\u00e9ficit de esas organizaciones de seguridad social. <br \/>Sexto, para evitar que generaciones anteriores, y quienes est\u00e1n cerca de jubilarse graviten sobre sus hijos, que al mismo tiempo est\u00e1n sosteniendo familias y descendencia, es indispensable que todos aumentemos sustancialmente el ahorro para el retiro. \u00c9se es un hecho incontrovertible. Pero \u00bfqui\u00e9n lo va a plantear? <br \/>Imaginemos un candidato a una posici\u00f3n de elecci\u00f3n popular, a un puesto de gabinete, o a una promoci\u00f3n como servidor p\u00fablico, que salga y diga: \u201cCiudadanos: el sistema de pensiones est\u00e1 quebrado. La \u00fanica manera de evitar el colapso es que todos ahorremos m\u00e1s para el retiro. Propongo que la contribuci\u00f3n individual de los trabajadores aumente de 1.125% a 8% de su salario, y que 4 de los 5 puntos para vivienda se transfieran para apoyar las pensiones. Al mismo tiempo, que se reduzca la contribuci\u00f3n patronal para \u201cpensi\u00f3n, y cesant\u00eda y vejez\u201d de 5.15% a 2.0%, lo que disminuir\u00e1 el costo de contratar trabajadores. Entiendo que es una convocatoria al realismo y un sacrificio colectivo, pero eso es lo que necesita M\u00e9xico\u201d. <br \/>Lo anterior debe completarse con la revisi\u00f3n de los esquemas de pensiones: a\u00f1os m\u00ednimos de trabajo, edad de retiro, tasas de reemplazo, contribuciones voluntarias, rendimiento de los fondos para el retiro, contribuciones obligatorias para autoempleados, etc\u00e9tera. Sin embargo, a\u00fan si todo eso ocurriera, de no aumentar la contribuci\u00f3n al sistema de pensiones, nada se resolver\u00eda. <br \/>\u00bfA qui\u00e9n visualiza usted que est\u00e9 dispuesto a salir a decir lo anterior? Es tiempo de que la ciudadan\u00eda se vaya preparando no para esperar que espont\u00e1neamente los candidatos planteen y debatan los problemas, sino para exigirles que lo hagan, rumbo a la elecci\u00f3n presidencial de 2018. \u00a0\u00a0 \u00a0\u00a0\u00a0 \u00a0<\/p>\n","protected":false},"excerpt":{"rendered":"<p>El tema de las pensiones tiene la mayor relevancia para el bienestar de generaciones actuales y futuras de mexicanos. Sin embargo, recibe poca atenci\u00f3n. Sea por ignorancia, incompetencia, o porque quienes conocen la gravedad del problema no se atreven a abordarlo, sobre todo funcionarios p\u00fablicos, que pagar\u00edan un \u201ccosto pol\u00edtico\u201d por plantear que, para resolverlo, [&hellip;]<\/p>\n","protected":false},"author":93,"featured_media":0,"comment_status":"open","ping_status":"open","sticky":false,"template":"","format":"standard","meta":{"footnotes":""},"categories":[42],"tags":[],"class_list":["post-14820","post","type-post","status-publish","format-standard","hentry","category-nuestrapalabra"],"_links":{"self":[{"href":"https:\/\/plazajuarez.mx\/historico\/wp-json\/wp\/v2\/posts\/14820","targetHints":{"allow":["GET"]}}],"collection":[{"href":"https:\/\/plazajuarez.mx\/historico\/wp-json\/wp\/v2\/posts"}],"about":[{"href":"https:\/\/plazajuarez.mx\/historico\/wp-json\/wp\/v2\/types\/post"}],"author":[{"embeddable":true,"href":"https:\/\/plazajuarez.mx\/historico\/wp-json\/wp\/v2\/users\/93"}],"replies":[{"embeddable":true,"href":"https:\/\/plazajuarez.mx\/historico\/wp-json\/wp\/v2\/comments?post=14820"}],"version-history":[{"count":0,"href":"https:\/\/plazajuarez.mx\/historico\/wp-json\/wp\/v2\/posts\/14820\/revisions"}],"wp:attachment":[{"href":"https:\/\/plazajuarez.mx\/historico\/wp-json\/wp\/v2\/media?parent=14820"}],"wp:term":[{"taxonomy":"category","embeddable":true,"href":"https:\/\/plazajuarez.mx\/historico\/wp-json\/wp\/v2\/categories?post=14820"},{"taxonomy":"post_tag","embeddable":true,"href":"https:\/\/plazajuarez.mx\/historico\/wp-json\/wp\/v2\/tags?post=14820"}],"curies":[{"name":"wp","href":"https:\/\/api.w.org\/{rel}","templated":true}]}}