{"id":14819,"date":"2015-12-17T14:52:52","date_gmt":"2015-12-17T14:52:52","guid":{"rendered":"http:\/\/plazajuarez.mx\/index\/index.php\/2015\/12\/17\/pri-va-contra-preciado-por-usar-al-teleton\/"},"modified":"2015-12-17T14:52:52","modified_gmt":"2015-12-17T14:52:52","slug":"pri-va-contra-preciado-por-usar-al-teleton","status":"publish","type":"post","link":"https:\/\/plazajuarez.mx\/historico\/pri-va-contra-preciado-por-usar-al-teleton\/","title":{"rendered":"PRI va contra Preciado por usar al Telet\u00f3n"},"content":{"rendered":"<p>Bajo Reserva Expr\u00e9s\u00a0\u00a0 \u00a0<\/p>\n<p>  <!--more-->  <\/p>\n<p>Nos comentan que el que no podr\u00eda tener una feliz Navidad es el panista Jorge Luis Preciado. <br \/>El candidato a la gubernatura de Colima, nos dicen, ser\u00e1 denunciado en breve por el PRI porque utiliz\u00f3 la transmisi\u00f3n del Telet\u00f3n, y con el pretexto de hacer una donaci\u00f3n, hizo proselitismo. <br \/>El hecho fue interpretado como un acto de campa\u00f1a, nos dicen. <br \/>Nos comentan que el pri\u00edsmo se lame los bigotes por el platillo que el propio Preciado les puso en bandeja de plata, y en breve vendr\u00e1 la denuncia ante el Instituto Nacional Electoral (INE). <br \/>Don Jorge Luis, senador con licencia del PAN, no s\u00f3lo abri\u00f3 la puerta para una ofensiva legal por parte de los partidos pol\u00edticos adversarios, sino de medios de comunicaci\u00f3n y de la propia Fundaci\u00f3n Telet\u00f3n a los que puso en problemas con sus acciones y que tendr\u00e1n que comenzar a deslindarse de la argucia del colimense. \u00a0\u00a0 \u00a0\u00a0\u00a0 \u00a0<\/p>\n","protected":false},"excerpt":{"rendered":"<p>Bajo Reserva Expr\u00e9s\u00a0\u00a0 \u00a0<\/p>\n","protected":false},"author":93,"featured_media":0,"comment_status":"open","ping_status":"open","sticky":false,"template":"","format":"standard","meta":{"footnotes":""},"categories":[42],"tags":[],"class_list":["post-14819","post","type-post","status-publish","format-standard","hentry","category-nuestrapalabra"],"_links":{"self":[{"href":"https:\/\/plazajuarez.mx\/historico\/wp-json\/wp\/v2\/posts\/14819","targetHints":{"allow":["GET"]}}],"collection":[{"href":"https:\/\/plazajuarez.mx\/historico\/wp-json\/wp\/v2\/posts"}],"about":[{"href":"https:\/\/plazajuarez.mx\/historico\/wp-json\/wp\/v2\/types\/post"}],"author":[{"embeddable":true,"href":"https:\/\/plazajuarez.mx\/historico\/wp-json\/wp\/v2\/users\/93"}],"replies":[{"embeddable":true,"href":"https:\/\/plazajuarez.mx\/historico\/wp-json\/wp\/v2\/comments?post=14819"}],"version-history":[{"count":0,"href":"https:\/\/plazajuarez.mx\/historico\/wp-json\/wp\/v2\/posts\/14819\/revisions"}],"wp:attachment":[{"href":"https:\/\/plazajuarez.mx\/historico\/wp-json\/wp\/v2\/media?parent=14819"}],"wp:term":[{"taxonomy":"category","embeddable":true,"href":"https:\/\/plazajuarez.mx\/historico\/wp-json\/wp\/v2\/categories?post=14819"},{"taxonomy":"post_tag","embeddable":true,"href":"https:\/\/plazajuarez.mx\/historico\/wp-json\/wp\/v2\/tags?post=14819"}],"curies":[{"name":"wp","href":"https:\/\/api.w.org\/{rel}","templated":true}]}}