{"id":14817,"date":"2015-12-17T14:50:00","date_gmt":"2015-12-17T14:50:00","guid":{"rendered":"http:\/\/plazajuarez.mx\/index\/index.php\/2015\/12\/17\/territorio-minado\/"},"modified":"2015-12-17T14:50:00","modified_gmt":"2015-12-17T14:50:00","slug":"territorio-minado","status":"publish","type":"post","link":"https:\/\/plazajuarez.mx\/historico\/territorio-minado\/","title":{"rendered":"Territorio minado"},"content":{"rendered":"<p>Fulana es mexicana e intenta subirse a un taxi en Par\u00eds. Lo ha hecho con frecuencia: es investigadora y estudi\u00f3 su doctorado en La Sorbona, va a la capital francesa a\u00f1o con a\u00f1o. Pero el taxista, despu\u00e9s de mirarla, le indica que no dar\u00e1 el servicio.<\/p>\n<p>  <!--more-->  <\/p>\n<p>Es la primera vez que le ocurre, aunque pasar migraci\u00f3n en los aeropuertos estadounidenses tambi\u00e9n ha sido engorroso. Sobre todo antes de la tecnolog\u00eda de fotograf\u00eda y huellas digitales. Resulta que Fulana tiene tipo \u00e1rabe. M\u00e9xico es tambi\u00e9n una melting pot donde las fisonom\u00edas delatan la historia no s\u00f3lo del pa\u00eds sino del mundo. Mexicana de varias generaciones, lo \u00e1rabe seguramente le viene de los ocho siglos que los moros estuvieron en Espa\u00f1a (no fue un par\u00e9ntesis vacacional). \u00bfQui\u00e9n no tiene tipo moro en el sur de Espa\u00f1a? <br \/>La irracionalidad de un acto terrorista, el desborde de los l\u00edmites, donde la muerte de civiles y la inmolaci\u00f3n de los que lo perpetran est\u00e1n sustentadas en \u201cla verdad\u201d sobre el bien y el mal, es una afrenta de dif\u00edcil respuesta. El Estado Isl\u00e1mico sostiene que divertirse es un acto perverso, pero la muerte a mansalva no. En esa premisa de lo irracional y fan\u00e1tico, cualquier ciudadano del mundo teme. \u00bfD\u00f3nde ocurrir\u00e1 el siguiente tiroteo si en San Bernardino, California, tom\u00f3 desprevenidos a quienes asist\u00edan al festejo del centro de atenci\u00f3n a discapacitados? La verdad es que uno siempre est\u00e1 desprevenido ante estos arteros abusos. Ese temor es un salvoconducto a la xenofobia. La manera m\u00e1s elemental de que el ciudadano de a pie se proteja del atacante an\u00f3nimo es hacer una asociaci\u00f3n de p\u00e1rvulos: Estado Isl\u00e1mico, terroristas, tipo \u00e1rabe. <br \/>La fisonom\u00eda como credencial culpabilizante. (A pesar de que muchachas y muchachos europeos de todo tipo de fisonom\u00edas, se han vuelto parte del EI que capitaliza, para asombro de todos, la rebeld\u00eda juvenil d\u00e1ndole causa y prop\u00f3sito, no importa cu\u00e1n descabellado sea este). Esta xenofobia red neck es pan de todos los d\u00edas en estados como Arizona donde el que tiene \u201ctipo mexicano\u201d puede ser detenido en las calles para solicitarle los papeles que lo acrediten como legal, actitud que Trump ha magnificado desde\u00f1ando a esa parte de la poblaci\u00f3n esencial para la econom\u00eda y cultura estadounidense. Que el ciudadano de a pie haga ecuaciones simples entre el aspecto de la persona y el terror puede entenderse (que no justificarse). Es casi infantil. Es el drama de Frankenstein, cuyo aspecto atemorizaba a las personas que asociaban lo monstruoso con la maldad. Que las voces p\u00fablicas aviven esa flama discriminatoria es una irresponsabilidad cuando el mundo se ha vuelto un territorio minado. <br \/>El dilema empeora cuando los refugiados sirios que huyen de la guerra se desparraman por el mundo buscando salvar el pellejo, lo elemental: la vida de las familias. Europa, Estados Unidos y hasta M\u00e9xico abren las puertas. Ante las futuras elecciones presidenciales, Trump afila las garras del estulticio y dice no a los inmigrantes (en un pa\u00eds hecho pr\u00e1cticamente de inmigrantes, el propio Steve Jobs es hijo adoptivo de inmigrantes sirios como lo ha mostrado el grafitero Banksy). Buen momento para darle al soplete y encender las brasas. \u00bfQui\u00e9n quiere al enemigo en casa? La propia Merkel ha tenido que decir que habr\u00e1 un l\u00edmite, haciendo cierta concesi\u00f3n al ala conservadora, que no podr\u00e1n recibir a todos los sirios que desean asilarse. <br \/>La insensatez suele tener respuestas insensatas que algunos pueden manipular a su conveniencia. El chofer del taxi no es un analista pol\u00edtico, tampoco entiende \u2014como casi todos nosotros, simples mortales\u2014 el pensamiento del Estado Isl\u00e1mico, la estrechez de miras y la posesi\u00f3n de una verdad que justifica la muerte de los otros. Por eso el aspecto del otro es el sensor primario para los juicios equivocados. Por eso la responsabilidad de los dirigentes y quienes comunican de no atribuir al fenotipo una conducta. La xenofobia es tan peligrosa como el terrorismo. En nombre de ella se han cometido las atrocidades m\u00e1s vergonzantes de la humanidad. \u00a0\u00a0 \u00a0\u00a0\u00a0 \u00a0<\/p>\n","protected":false},"excerpt":{"rendered":"<p>Fulana es mexicana e intenta subirse a un taxi en Par\u00eds. Lo ha hecho con frecuencia: es investigadora y estudi\u00f3 su doctorado en La Sorbona, va a la capital francesa a\u00f1o con a\u00f1o. Pero el taxista, despu\u00e9s de mirarla, le indica que no dar\u00e1 el servicio.<\/p>\n","protected":false},"author":93,"featured_media":0,"comment_status":"open","ping_status":"open","sticky":false,"template":"","format":"standard","meta":{"footnotes":""},"categories":[42],"tags":[],"class_list":["post-14817","post","type-post","status-publish","format-standard","hentry","category-nuestrapalabra"],"_links":{"self":[{"href":"https:\/\/plazajuarez.mx\/historico\/wp-json\/wp\/v2\/posts\/14817","targetHints":{"allow":["GET"]}}],"collection":[{"href":"https:\/\/plazajuarez.mx\/historico\/wp-json\/wp\/v2\/posts"}],"about":[{"href":"https:\/\/plazajuarez.mx\/historico\/wp-json\/wp\/v2\/types\/post"}],"author":[{"embeddable":true,"href":"https:\/\/plazajuarez.mx\/historico\/wp-json\/wp\/v2\/users\/93"}],"replies":[{"embeddable":true,"href":"https:\/\/plazajuarez.mx\/historico\/wp-json\/wp\/v2\/comments?post=14817"}],"version-history":[{"count":0,"href":"https:\/\/plazajuarez.mx\/historico\/wp-json\/wp\/v2\/posts\/14817\/revisions"}],"wp:attachment":[{"href":"https:\/\/plazajuarez.mx\/historico\/wp-json\/wp\/v2\/media?parent=14817"}],"wp:term":[{"taxonomy":"category","embeddable":true,"href":"https:\/\/plazajuarez.mx\/historico\/wp-json\/wp\/v2\/categories?post=14817"},{"taxonomy":"post_tag","embeddable":true,"href":"https:\/\/plazajuarez.mx\/historico\/wp-json\/wp\/v2\/tags?post=14817"}],"curies":[{"name":"wp","href":"https:\/\/api.w.org\/{rel}","templated":true}]}}