{"id":14816,"date":"2015-12-17T14:51:04","date_gmt":"2015-12-17T14:51:04","guid":{"rendered":"http:\/\/plazajuarez.mx\/index\/index.php\/2015\/12\/17\/la-mascara-tutankamon-regresa-a-su-vitrina-tras-restauracion\/"},"modified":"2015-12-17T14:51:04","modified_gmt":"2015-12-17T14:51:04","slug":"la-mascara-tutankamon-regresa-a-su-vitrina-tras-restauracion","status":"publish","type":"post","link":"https:\/\/plazajuarez.mx\/historico\/la-mascara-tutankamon-regresa-a-su-vitrina-tras-restauracion\/","title":{"rendered":"La m\u00e1scara Tutankam\u00f3n regresa a su vitrina tras restauraci\u00f3n"},"content":{"rendered":"<p>El p\u00fablico volver\u00e1 a contemplar la preciada pieza a partir de este jueves en el Museo Egipcio<\/p>\n<p>  <!--more-->  <\/p>\n<p>\u00a0<\/p>\n<p>La m\u00e1scara de oro del joven fara\u00f3n Tutankam\u00f3n podr\u00e1 volver a ser contemplada a partir de ma\u00f1ana en el Museo Nacional de El Cairo tras someterse a una restauraci\u00f3n de m\u00e1s de dos meses para reparar el da\u00f1o sufrido en una intervenci\u00f3n anterior realizada para adherir la perilla al rostro.<\/p>\n<p>As\u00ed lo anunci\u00f3 en el Museo Egipcio, el ministro de antig\u00fcedades, Mamduh al Damati, que agreg\u00f3 que el p\u00fablico podr\u00e1 volver a contemplar la preciada pieza a partir de ma\u00f1ana a las 9:00 hora local (7:00 GMT).<\/p>\n<p>La perilla de la reliquia se desprendi\u00f3 durante unas obras realizadas en el Museo Egipcio en 2014 para cambiar la iluminaci\u00f3n del Museo Egipcio, en circunstancias que a\u00fan no han sido aclaradas.<\/p>\n<p>Los encargados del museo decidieron entonces pegarla con resina &#8220;epoxy&#8221;, una medida que fue calificada por las autoridades de &#8220;tragedia&#8221;.<\/p>\n<p>Los &#8220;largos trabajos de restauraci\u00f3n&#8221;, como los describi\u00f3 hoy el cient\u00edfico alem\u00e1n Christian Eckmann, codirector de las labores de reparaci\u00f3n de la m\u00e1scara, comenzaron el 10 de octubre con la eliminaci\u00f3n de la resina adicional de la m\u00e1scara funeraria con raspadores de madera, para evitar da\u00f1os.<\/p>\n<p>Seg\u00fan explic\u00f3 Eckmann, en la operaci\u00f3n a la que someti\u00f3 a la m\u00e1scara para volver a colocarle la perilla y que tuvo lugar en la c\u00e1mara 55 del museo, se emple\u00f3 &#8220;cera natural de abeja&#8221;.<\/p>\n<p>Esta ha sido la cuarta vez que la m\u00e1scara funeraria de Tutankam\u00f3n ha sido retirada de su vitrina desde que fue descubierta por el egipt\u00f3logo brit\u00e1nico Howard Carter en 1922.<\/p>\n<p>Despu\u00e9s de que saliera a la luz el incidente, Alemania ofreci\u00f3 su ayuda a Egipto para restaurar la valiosa m\u00e1scara y el pasado septiembre entreg\u00f3 50 mil euros (56 mil 330 d\u00f3lares) a las autoridades egipcias para ello.<\/p>\n<p>Tutankam\u00f3n rein\u00f3 durante un corto periodo de la primera mitad del siglo mil 300 a.C y lo m\u00e1s relevante de su mandato fue la devoluci\u00f3n de la influencia y el poder a los sacerdotes de Am\u00f3n, tras la experiencia monote\u00edsta de Akenat\u00f3n.<\/p>\n","protected":false},"excerpt":{"rendered":"<p>El p\u00fablico volver\u00e1 a contemplar la preciada pieza a partir de este jueves en el Museo Egipcio<\/p>\n","protected":false},"author":93,"featured_media":0,"comment_status":"open","ping_status":"open","sticky":false,"template":"","format":"standard","meta":{"footnotes":""},"categories":[41],"tags":[],"class_list":["post-14816","post","type-post","status-publish","format-standard","hentry","category-arteria-cultural"],"_links":{"self":[{"href":"https:\/\/plazajuarez.mx\/historico\/wp-json\/wp\/v2\/posts\/14816","targetHints":{"allow":["GET"]}}],"collection":[{"href":"https:\/\/plazajuarez.mx\/historico\/wp-json\/wp\/v2\/posts"}],"about":[{"href":"https:\/\/plazajuarez.mx\/historico\/wp-json\/wp\/v2\/types\/post"}],"author":[{"embeddable":true,"href":"https:\/\/plazajuarez.mx\/historico\/wp-json\/wp\/v2\/users\/93"}],"replies":[{"embeddable":true,"href":"https:\/\/plazajuarez.mx\/historico\/wp-json\/wp\/v2\/comments?post=14816"}],"version-history":[{"count":0,"href":"https:\/\/plazajuarez.mx\/historico\/wp-json\/wp\/v2\/posts\/14816\/revisions"}],"wp:attachment":[{"href":"https:\/\/plazajuarez.mx\/historico\/wp-json\/wp\/v2\/media?parent=14816"}],"wp:term":[{"taxonomy":"category","embeddable":true,"href":"https:\/\/plazajuarez.mx\/historico\/wp-json\/wp\/v2\/categories?post=14816"},{"taxonomy":"post_tag","embeddable":true,"href":"https:\/\/plazajuarez.mx\/historico\/wp-json\/wp\/v2\/tags?post=14816"}],"curies":[{"name":"wp","href":"https:\/\/api.w.org\/{rel}","templated":true}]}}