{"id":148112,"date":"2021-01-11T13:26:20","date_gmt":"2021-01-11T19:26:20","guid":{"rendered":"https:\/\/plazajuarez.mx\/?p=148112"},"modified":"2021-01-11T13:26:30","modified_gmt":"2021-01-11T19:26:30","slug":"se-desmaya-y-muere-un-septuagenario-en-el-tianguis-de-san-cayetano","status":"publish","type":"post","link":"https:\/\/plazajuarez.mx\/historico\/se-desmaya-y-muere-un-septuagenario-en-el-tianguis-de-san-cayetano\/","title":{"rendered":"Se desmaya y muere un septuagenario en el tianguis de San Cayetano"},"content":{"rendered":"\n<p>Poco antes del mediod\u00eda de ayer un hombre de la tercera edad perdi\u00f3 la vida repentinamente el tianguis de la colonia de San Cayetano de Pachuca.<\/p>\n\n\n\n<p>Tianguistas y vecinos indicaron que el hombre se desvaneci\u00f3 en la calle y trataron de auxiliarlo y lo sentaron en una silla, pero desafortunadamente muri\u00f3.<\/p>\n\n\n\n<p>Se sabe que el afectado padec\u00eda cardiopat\u00eda y que necesitaba hemodi\u00e1lisis<\/p>\n\n\n\n<p>Fueron elementos de la Polic\u00eda Municipal de Pachuca, quienes inicialmente arribaron a la esquina que forman las calles de Cofre de Perote y Nevado de Malinche, donde tuvieron a la vista al infortunado, qu\u00e9 en vida respond\u00eda al nombre con las iniciales J.F.R.G., de 70 a\u00f1os de edad.<\/p>\n\n\n\n<p>Finalmente la zona fue acordonada para las labores del personal de la Procuradur\u00eda General de Justicia de Hidalgo para que realiz\u00f3 las diligencias correspondientes.<\/p>\n","protected":false},"excerpt":{"rendered":"<p>Poco antes del mediod\u00eda de ayer un hombre de la tercera edad perdi\u00f3 la vida repentinamente el tianguis de la colonia de San Cayetano de Pachuca. Tianguistas y vecinos indicaron que el hombre se desvaneci\u00f3 en la calle y trataron de auxiliarlo y lo sentaron en una silla, pero desafortunadamente muri\u00f3. Se sabe que el [&hellip;]<\/p>\n","protected":false},"author":93,"featured_media":0,"comment_status":"closed","ping_status":"open","sticky":false,"template":"","format":"standard","meta":{"footnotes":""},"categories":[37],"tags":[],"class_list":["post-148112","post","type-post","status-publish","format-standard","hentry","category-barandilla"],"_links":{"self":[{"href":"https:\/\/plazajuarez.mx\/historico\/wp-json\/wp\/v2\/posts\/148112","targetHints":{"allow":["GET"]}}],"collection":[{"href":"https:\/\/plazajuarez.mx\/historico\/wp-json\/wp\/v2\/posts"}],"about":[{"href":"https:\/\/plazajuarez.mx\/historico\/wp-json\/wp\/v2\/types\/post"}],"author":[{"embeddable":true,"href":"https:\/\/plazajuarez.mx\/historico\/wp-json\/wp\/v2\/users\/93"}],"replies":[{"embeddable":true,"href":"https:\/\/plazajuarez.mx\/historico\/wp-json\/wp\/v2\/comments?post=148112"}],"version-history":[{"count":0,"href":"https:\/\/plazajuarez.mx\/historico\/wp-json\/wp\/v2\/posts\/148112\/revisions"}],"wp:attachment":[{"href":"https:\/\/plazajuarez.mx\/historico\/wp-json\/wp\/v2\/media?parent=148112"}],"wp:term":[{"taxonomy":"category","embeddable":true,"href":"https:\/\/plazajuarez.mx\/historico\/wp-json\/wp\/v2\/categories?post=148112"},{"taxonomy":"post_tag","embeddable":true,"href":"https:\/\/plazajuarez.mx\/historico\/wp-json\/wp\/v2\/tags?post=148112"}],"curies":[{"name":"wp","href":"https:\/\/api.w.org\/{rel}","templated":true}]}}