{"id":14811,"date":"2015-12-17T14:48:11","date_gmt":"2015-12-17T14:48:11","guid":{"rendered":"http:\/\/plazajuarez.mx\/index\/index.php\/2015\/12\/17\/lindsay-lohan-responde-a-ofensa-de-jennifer-lawrence\/"},"modified":"2015-12-17T14:48:11","modified_gmt":"2015-12-17T14:48:11","slug":"lindsay-lohan-responde-a-ofensa-de-jennifer-lawrence","status":"publish","type":"post","link":"https:\/\/plazajuarez.mx\/historico\/lindsay-lohan-responde-a-ofensa-de-jennifer-lawrence\/","title":{"rendered":"Lindsay Lohan responde a \u201cofensa\u201d de Jennifer Lawrence"},"content":{"rendered":"<p>La disputa comenz\u00f3 el lunes en The Late Show with Stephen Colbert<\/p>\n<p>  <!--more-->  <\/p>\n<p>\u00a0<\/p>\n<p>Jennifer Lawrence se ha visto envuelta en una disputa a trav\u00e9s de Twitter luego de que la noche del lunes en una entrevista en The Late Show with Stephen Colbert hiciera un comentario que no ha sido bien interpretado.<\/p>\n<p>Al ser cuestionada sobre el hecho de que le actriz no tiene empacho en hablar sobre temas poco glamurosos y que se hab\u00eda enfermado de tanto trabajar, ella respondi\u00f3: \u201cVomit\u00e9 ayer. Soy una vomitadora. Una gran vomitadora. Creo que los nervios me afectan, no tengo elecci\u00f3n. As\u00ed que sigo adelante hasta que mi cuerpo me dice: \u2018si no la hacemos vomitar o desmayarse ella no se detendr\u00e1. Alcanzo un punto de cansancio a un grado de Lindsay Lohan, pero sin drogas o alcohol. Siempre me acuesto temprano, pero sigo cansada\u201d expres\u00f3.<\/p>\n<p>Luego del comentario, la hermana de Lindsay, Aliana Lohan, tom\u00f3 la red social para escribir en un tuit: \u201cNunca le doy vida a la negatividad, pero apoyo a mi familia.<\/p>\n<p>Decepcionada de Jennifer Lawrence. Acabas de perder una fan\u201d, y agreg\u00f3 la cuenta de su hermana. En respuesta, Lindsay escribi\u00f3: \u201cAliana, gracias hermana. Tal vez la persona a la que te refieres deber\u00eda aprender un poco c\u00f3mo apoyar a los dem\u00e1s como #mayaangelou\u201d, y anex\u00f3 una imagen de un ocaso con un texto sobrepuesto que dec\u00eda: \u201cT\u00fa tal vez me dispares con tus palabras. T\u00fa tal vez me lastimes con tu mirada. T\u00fa tal vez me mates con tu odio. Pero todav\u00eda as\u00ed yo me levantar\u00e9 como el aire\u201d.<\/p>\n<p>La madre de Lindsay tampoco se qued\u00f3 atr\u00e1s y expres\u00f3 su inconformidad en la misma red: \u201cDecepcionada de que Jennifer Lawrence hable negativamente de una igual\u201d, e incluy\u00f3 las cuentas de ambas, adem\u00e1s de usar el hashtag #benice (S\u00e9 amable).<\/p>\n<p>La ganadora del Oscar no ha dado respuesta a este incidente y, aunque el comentario podr\u00eda haber sido una sencilla broma, las hermanas Lohan se han tomado muy en serio sus declaraciones. En las redes sociales, fans de Jennifer Lawrence han justificado a su \u00eddolo.<\/p>\n<p>\u00a0<\/p>\n<p>\u00a0<\/p>\n","protected":false},"excerpt":{"rendered":"<p>La disputa comenz\u00f3 el lunes en The Late Show with Stephen Colbert<\/p>\n","protected":false},"author":93,"featured_media":0,"comment_status":"open","ping_status":"open","sticky":false,"template":"","format":"standard","meta":{"footnotes":""},"categories":[38],"tags":[],"class_list":["post-14811","post","type-post","status-publish","format-standard","hentry","category-show"],"_links":{"self":[{"href":"https:\/\/plazajuarez.mx\/historico\/wp-json\/wp\/v2\/posts\/14811","targetHints":{"allow":["GET"]}}],"collection":[{"href":"https:\/\/plazajuarez.mx\/historico\/wp-json\/wp\/v2\/posts"}],"about":[{"href":"https:\/\/plazajuarez.mx\/historico\/wp-json\/wp\/v2\/types\/post"}],"author":[{"embeddable":true,"href":"https:\/\/plazajuarez.mx\/historico\/wp-json\/wp\/v2\/users\/93"}],"replies":[{"embeddable":true,"href":"https:\/\/plazajuarez.mx\/historico\/wp-json\/wp\/v2\/comments?post=14811"}],"version-history":[{"count":0,"href":"https:\/\/plazajuarez.mx\/historico\/wp-json\/wp\/v2\/posts\/14811\/revisions"}],"wp:attachment":[{"href":"https:\/\/plazajuarez.mx\/historico\/wp-json\/wp\/v2\/media?parent=14811"}],"wp:term":[{"taxonomy":"category","embeddable":true,"href":"https:\/\/plazajuarez.mx\/historico\/wp-json\/wp\/v2\/categories?post=14811"},{"taxonomy":"post_tag","embeddable":true,"href":"https:\/\/plazajuarez.mx\/historico\/wp-json\/wp\/v2\/tags?post=14811"}],"curies":[{"name":"wp","href":"https:\/\/api.w.org\/{rel}","templated":true}]}}