{"id":14809,"date":"2015-12-17T14:47:35","date_gmt":"2015-12-17T14:47:35","guid":{"rendered":"http:\/\/plazajuarez.mx\/index\/index.php\/2015\/12\/17\/tina-fey-y-amy-poehler-regresan-a-snl\/"},"modified":"2015-12-17T14:47:35","modified_gmt":"2015-12-17T14:47:35","slug":"tina-fey-y-amy-poehler-regresan-a-snl","status":"publish","type":"post","link":"https:\/\/plazajuarez.mx\/historico\/tina-fey-y-amy-poehler-regresan-a-snl\/","title":{"rendered":"Tina Fey y Amy Poehler regresan a SNL"},"content":{"rendered":"<p>Las actrices y comediantes Tina Fey y Amy Poehler reaparecer\u00e1n en el programa nocturno &#8220;Saturday night live&#8221; (SNL), emisi\u00f3n que conducir\u00e1n el 19 de diciembre pr\u00f3ximo.<\/p>\n<p>  <!--more-->  <\/p>\n<p>\u00a0<\/p>\n<p>Para promocionar su regreso, las ex alumnas de &#8220;SNL&#8221; lanzaron un video promocional en el que aparecen con su\u00e9teres navide\u00f1os junto a Kenan Thompson, a quien abrazan tan fuerte que de su cuerpo brotan dulces. Luego lo disfrazan como un hombre de nieve.<\/p>\n<p>En el audiovisual, las comediantes prometen que el 19 de diciembre ser\u00e1 un &#8220;show&#8221; lleno de diversi\u00f3n, chistes, celebraciones, comedia, aventura y Bruce Springsteen, quien junto a E Street Band le dar\u00e1n el toque musical a esta edici\u00f3n especial del longevo programa.<\/p>\n<p>De acuerdo con el portal Variety, esta ser\u00e1 la tercera ocasi\u00f3n que &#8220;The Boss&#8221;, quien en fecha reciente lanz\u00f3 &#8220;The ties that bind: The river collection&#8221; en CD+DVD, participe en el &#8220;late show&#8221; estadunidense.<\/p>\n<p>Cabe recordar que Tina y Amy fueron las anfitrionas de los Globos de Oro y actualmente promocionan &#8220;Sisters&#8221;, la nueva pel\u00edcula de comedia de Jason Moore que ambas protagonizan y se estrenar\u00e1 el 18 de diciembre.<\/p>\n","protected":false},"excerpt":{"rendered":"<p>Las actrices y comediantes Tina Fey y Amy Poehler reaparecer\u00e1n en el programa nocturno &#8220;Saturday night live&#8221; (SNL), emisi\u00f3n que conducir\u00e1n el 19 de diciembre pr\u00f3ximo.<\/p>\n","protected":false},"author":93,"featured_media":0,"comment_status":"open","ping_status":"open","sticky":false,"template":"","format":"standard","meta":{"footnotes":""},"categories":[38],"tags":[],"class_list":["post-14809","post","type-post","status-publish","format-standard","hentry","category-show"],"_links":{"self":[{"href":"https:\/\/plazajuarez.mx\/historico\/wp-json\/wp\/v2\/posts\/14809","targetHints":{"allow":["GET"]}}],"collection":[{"href":"https:\/\/plazajuarez.mx\/historico\/wp-json\/wp\/v2\/posts"}],"about":[{"href":"https:\/\/plazajuarez.mx\/historico\/wp-json\/wp\/v2\/types\/post"}],"author":[{"embeddable":true,"href":"https:\/\/plazajuarez.mx\/historico\/wp-json\/wp\/v2\/users\/93"}],"replies":[{"embeddable":true,"href":"https:\/\/plazajuarez.mx\/historico\/wp-json\/wp\/v2\/comments?post=14809"}],"version-history":[{"count":0,"href":"https:\/\/plazajuarez.mx\/historico\/wp-json\/wp\/v2\/posts\/14809\/revisions"}],"wp:attachment":[{"href":"https:\/\/plazajuarez.mx\/historico\/wp-json\/wp\/v2\/media?parent=14809"}],"wp:term":[{"taxonomy":"category","embeddable":true,"href":"https:\/\/plazajuarez.mx\/historico\/wp-json\/wp\/v2\/categories?post=14809"},{"taxonomy":"post_tag","embeddable":true,"href":"https:\/\/plazajuarez.mx\/historico\/wp-json\/wp\/v2\/tags?post=14809"}],"curies":[{"name":"wp","href":"https:\/\/api.w.org\/{rel}","templated":true}]}}