{"id":14808,"date":"2015-12-17T14:46:07","date_gmt":"2015-12-17T14:46:07","guid":{"rendered":"http:\/\/plazajuarez.mx\/index\/index.php\/2015\/12\/17\/decreto-para-crear-secretaria-de-cultura\/"},"modified":"2015-12-17T14:46:07","modified_gmt":"2015-12-17T14:46:07","slug":"decreto-para-crear-secretaria-de-cultura","status":"publish","type":"post","link":"https:\/\/plazajuarez.mx\/historico\/decreto-para-crear-secretaria-de-cultura\/","title":{"rendered":"Decreto para crear Secretar\u00eda de Cultura"},"content":{"rendered":"<p><strong>Entrega Premio Nacional de Ciencias y Artes 2015 <\/strong><\/p>\n<ul>\n<li><strong><strong>El Presidente Enrique Pe\u00f1a Nieto asegura estar comprometido con la libertad y diversidad del pensamiento<\/strong><\/strong> <!--more--> <\/li>\n<\/ul>\n<p>Tras entregar el Premio Nacional de Ciencias y Artes 2015, el presidente Enrique Pe\u00f1a Nieto promulg\u00f3 ayer en el Patio de Honor de Palacio Nacional, el decreto mediante el cual se crea la Secretar\u00eda de Cultura del gobierno mexicano.<\/p>\n<p>\u201cEl gobierno de la Rep\u00fablica valora y protege la riqueza de las expresiones art\u00edsticas y culturales, estamos comprometidos con la libertad y la diversidad del pensamiento, las mejores causas de M\u00e9xico se nutren con sus ideas, visiones y expresiones\u201d.<\/p>\n<p>Ante la comunidad cient\u00edfica, intelectual y art\u00edstica del pa\u00eds, el Jefe del Ejecutivo asent\u00f3 que la estructura que formar\u00e1 a la nueva Secretar\u00eda de Cultura era parte de la Secretar\u00eda de Educaci\u00f3n P\u00fablica. Consider\u00f3 que se trata de \u201cuna decisi\u00f3n hist\u00f3rica\u201d.<\/p>\n<p>Acompa\u00f1ado por el secretario de Educaci\u00f3n P\u00fablica, Aurelio Nu\u00f1o, el presidente Pe\u00f1a Nieto hizo notar que hoy se hacen esfuerzos para hacer realidad que la educaci\u00f3n que reciben ni\u00f1os, ni\u00f1as y j\u00f3venes en el pa\u00eds sea de mayor calidad.<\/p>\n<p>\u201cCreo que esto permitir\u00e1 que estos dos grandes espacios, el de la educaci\u00f3n y el de la cultura, tengan esmerados esfuerzos de atenci\u00f3n, de focalizaci\u00f3n de esfuerzos y que eso permita avanzar en estos dos grandes campos del quehacer de nuestra sociedad\u201d, asent\u00f3.<\/p>\n","protected":false},"excerpt":{"rendered":"<p>Entrega Premio Nacional de Ciencias y Artes 2015 El Presidente Enrique Pe\u00f1a Nieto asegura estar comprometido con la libertad y diversidad del pensamiento<\/p>\n","protected":false},"author":93,"featured_media":0,"comment_status":"open","ping_status":"open","sticky":false,"template":"","format":"standard","meta":{"footnotes":""},"categories":[36],"tags":[],"class_list":["post-14808","post","type-post","status-publish","format-standard","hentry","category-nacion"],"_links":{"self":[{"href":"https:\/\/plazajuarez.mx\/historico\/wp-json\/wp\/v2\/posts\/14808","targetHints":{"allow":["GET"]}}],"collection":[{"href":"https:\/\/plazajuarez.mx\/historico\/wp-json\/wp\/v2\/posts"}],"about":[{"href":"https:\/\/plazajuarez.mx\/historico\/wp-json\/wp\/v2\/types\/post"}],"author":[{"embeddable":true,"href":"https:\/\/plazajuarez.mx\/historico\/wp-json\/wp\/v2\/users\/93"}],"replies":[{"embeddable":true,"href":"https:\/\/plazajuarez.mx\/historico\/wp-json\/wp\/v2\/comments?post=14808"}],"version-history":[{"count":0,"href":"https:\/\/plazajuarez.mx\/historico\/wp-json\/wp\/v2\/posts\/14808\/revisions"}],"wp:attachment":[{"href":"https:\/\/plazajuarez.mx\/historico\/wp-json\/wp\/v2\/media?parent=14808"}],"wp:term":[{"taxonomy":"category","embeddable":true,"href":"https:\/\/plazajuarez.mx\/historico\/wp-json\/wp\/v2\/categories?post=14808"},{"taxonomy":"post_tag","embeddable":true,"href":"https:\/\/plazajuarez.mx\/historico\/wp-json\/wp\/v2\/tags?post=14808"}],"curies":[{"name":"wp","href":"https:\/\/api.w.org\/{rel}","templated":true}]}}