{"id":14807,"date":"2015-12-17T14:45:48","date_gmt":"2015-12-17T14:45:48","guid":{"rendered":"http:\/\/plazajuarez.mx\/index\/index.php\/2015\/12\/17\/acusan-a-jorge-luis-preciado-de-usar-teleton\/"},"modified":"2015-12-17T14:45:48","modified_gmt":"2015-12-17T14:45:48","slug":"acusan-a-jorge-luis-preciado-de-usar-teleton","status":"publish","type":"post","link":"https:\/\/plazajuarez.mx\/historico\/acusan-a-jorge-luis-preciado-de-usar-teleton\/","title":{"rendered":"Acusan a Jorge Luis Preciado de usar Telet\u00f3n"},"content":{"rendered":"<p>El presidente de la Fundaci\u00f3n Telet\u00f3n, Fernando Landeros, acus\u00f3 al panista Jorge Luis Preciado de \u201cutilizar el evento para hacer proselitismo pol\u00edtico a su favor\u201d.<\/p>\n<p>  <!--more-->  <\/p>\n<p>\u00a0<\/p>\n<p>Mediante un comunicado, Landeros asegur\u00f3 que el pol\u00edtico \u201cutiliz\u00f3 el espacio reservado para otro donador y abusando de la buena fe\u201d pronunci\u00f3 un mensaje pol\u00edtico inadecuado y fuera de lugar, en referencia a la menci\u00f3n que hizo el aspirante a gobernador de Colima.<\/p>\n<p>\u201cEn el marco del arranque del evento Telet\u00f3n, se present\u00f3 el Sr. Jorge Luis Preciado, quien pronunci\u00f3 un mensaje contrario al c\u00f3digo de \u00e9tica de la instituci\u00f3n y a una tradici\u00f3n de m\u00e1s de 18 a\u00f1os, en la que la labor del Telet\u00f3n a favor de los ni\u00f1os de M\u00e9xico ha sido ajena a temas electorales\u201d.<\/p>\n<p>Fernando Landeros asegur\u00f3 que aunque la Fundaci\u00f3n desear\u00eda poner un CRIT en esa entidad, la decisi\u00f3n depende de muchos factores, no solamente de \u201clos dichos de personajes en campa\u00f1a\u201d y reiter\u00f3 que la poblaci\u00f3n de Colima seguir\u00e1 siendo atendida en el CRIT de Jalisco.<\/p>\n","protected":false},"excerpt":{"rendered":"<p>El presidente de la Fundaci\u00f3n Telet\u00f3n, Fernando Landeros, acus\u00f3 al panista Jorge Luis Preciado de \u201cutilizar el evento para hacer proselitismo pol\u00edtico a su favor\u201d.<\/p>\n","protected":false},"author":93,"featured_media":0,"comment_status":"open","ping_status":"open","sticky":false,"template":"","format":"standard","meta":{"footnotes":""},"categories":[36],"tags":[],"class_list":["post-14807","post","type-post","status-publish","format-standard","hentry","category-nacion"],"_links":{"self":[{"href":"https:\/\/plazajuarez.mx\/historico\/wp-json\/wp\/v2\/posts\/14807","targetHints":{"allow":["GET"]}}],"collection":[{"href":"https:\/\/plazajuarez.mx\/historico\/wp-json\/wp\/v2\/posts"}],"about":[{"href":"https:\/\/plazajuarez.mx\/historico\/wp-json\/wp\/v2\/types\/post"}],"author":[{"embeddable":true,"href":"https:\/\/plazajuarez.mx\/historico\/wp-json\/wp\/v2\/users\/93"}],"replies":[{"embeddable":true,"href":"https:\/\/plazajuarez.mx\/historico\/wp-json\/wp\/v2\/comments?post=14807"}],"version-history":[{"count":0,"href":"https:\/\/plazajuarez.mx\/historico\/wp-json\/wp\/v2\/posts\/14807\/revisions"}],"wp:attachment":[{"href":"https:\/\/plazajuarez.mx\/historico\/wp-json\/wp\/v2\/media?parent=14807"}],"wp:term":[{"taxonomy":"category","embeddable":true,"href":"https:\/\/plazajuarez.mx\/historico\/wp-json\/wp\/v2\/categories?post=14807"},{"taxonomy":"post_tag","embeddable":true,"href":"https:\/\/plazajuarez.mx\/historico\/wp-json\/wp\/v2\/tags?post=14807"}],"curies":[{"name":"wp","href":"https:\/\/api.w.org\/{rel}","templated":true}]}}