{"id":1479,"date":"2015-02-27T06:00:00","date_gmt":"2015-02-27T06:00:00","guid":{"rendered":"http:\/\/plazajuarez.mx\/index\/index.php\/2015\/02\/27\/agradecen-regidores-y-alcalde-que-congreso-local-atienda-el-problema-politico-del-municipio\/"},"modified":"2015-02-27T06:00:00","modified_gmt":"2015-02-27T06:00:00","slug":"agradecen-regidores-y-alcalde-que-congreso-local-atienda-el-problema-politico-del-municipio","status":"publish","type":"post","link":"https:\/\/plazajuarez.mx\/historico\/agradecen-regidores-y-alcalde-que-congreso-local-atienda-el-problema-politico-del-municipio\/","title":{"rendered":"Agradecen regidores y Alcalde que Congreso  Local atienda el problema pol\u00edtico del municipio"},"content":{"rendered":"<p><strong>Ixmiquilpan<\/strong>\u00a0<\/p>\n<ul>\n<li><strong>La crisis se ha agudizado al paso de los d\u00edas <\/strong><\/li>\n<li><strong>El Cabildo no ha podido sesionar por falta de qu\u00f3rum legal; nueve asamble\u00edstas no se presentan<\/strong><\/li>\n<li><strong><strong>Dicen que porque no est\u00e1n garantizadas las condiciones de seguridad<\/strong><\/strong> <!--more--> <\/li>\n<\/ul>\n<p>Ante el anuncio de que el Congreso Local atender\u00e1 el caso del Ayuntamiento de Ixmiquilpan, donde se agudizan las diferencias entre los regidores y el ejecutivo, los asamble\u00edstas manifestaron su gratitud porque el poder legislativo ponga atenci\u00f3n a estos problemas.<\/p>\n<p>Aunque de ambas partes han manifestado su disposici\u00f3n a dialogar sobre los problemas pol\u00edticos, ni el ejecutivo, tampoco los regidores, han definido acciones para poder superar la crisis, la cual se ha agudizado conforme pasan los d\u00edas.<\/p>\n<p>Hasta el momento, el cabildo no ha sesionado debido a la falta de qu\u00f3rum legal, debido a que nueve integrantes de la asamblea municipal no se han presentado a sesionar, bajo el argumento de que no est\u00e1n garantizadas las condiciones de seguridad.<\/p>\n<p>Como medida de presi\u00f3n, la Secretar\u00eda de Finanzas municipal decidido suspender el pago a los nueve regidores opositores, quienes han minimizado este procedimiento, toda vez que acusan se trata de una ilegalidad.<\/p>\n<p>Tras la suspensi\u00f3n de los pagos de dietas de las \u00faltimas dos quincenas, los regidores han se\u00f1alado que no est\u00e1n dispuestos a establecer una mesa de di\u00e1logo de manera directa con el alcalde, exigen que se d\u00e9 por medio de un mediador del estado o el Congreso Local.<\/p>\n<p>Entre las propuestas de los regidores, adem\u00e1s de la seguridad que debe prevalecer durante las sesiones del cabildo, exigen que se realicen auditorias y fiscalizaciones de los recursos p\u00fablicos, evaluaciones a funcionarios de primer nivel, entre otras medidas urgentes.<\/p>\n<p>Por ahora, mantendr\u00e1n su postura de no acudir a ninguna sesi\u00f3n hasta que se den las condiciones, previamente exigen una mesa de negociaciones, de lo contrario se mantendr\u00e1n al margen.<\/p>\n<p>El alcalde, Cipriano Charrez, en entrevista reciente, asegur\u00f3 que \u00e9l nunca ha roto el di\u00e1logo, que mantiene disposici\u00f3n de negociar, sin embargo, no se prestar\u00e1 a chantajes de los regidores.<\/p>\n","protected":false},"excerpt":{"rendered":"<p>Ixmiquilpan\u00a0 La crisis se ha agudizado al paso de los d\u00edas El Cabildo no ha podido sesionar por falta de qu\u00f3rum legal; nueve asamble\u00edstas no se presentan Dicen que porque no est\u00e1n garantizadas las condiciones de seguridad<\/p>\n","protected":false},"author":93,"featured_media":0,"comment_status":"open","ping_status":"open","sticky":false,"template":"","format":"standard","meta":{"footnotes":""},"categories":[40],"tags":[],"class_list":["post-1479","post","type-post","status-publish","format-standard","hentry","category-region"],"_links":{"self":[{"href":"https:\/\/plazajuarez.mx\/historico\/wp-json\/wp\/v2\/posts\/1479","targetHints":{"allow":["GET"]}}],"collection":[{"href":"https:\/\/plazajuarez.mx\/historico\/wp-json\/wp\/v2\/posts"}],"about":[{"href":"https:\/\/plazajuarez.mx\/historico\/wp-json\/wp\/v2\/types\/post"}],"author":[{"embeddable":true,"href":"https:\/\/plazajuarez.mx\/historico\/wp-json\/wp\/v2\/users\/93"}],"replies":[{"embeddable":true,"href":"https:\/\/plazajuarez.mx\/historico\/wp-json\/wp\/v2\/comments?post=1479"}],"version-history":[{"count":0,"href":"https:\/\/plazajuarez.mx\/historico\/wp-json\/wp\/v2\/posts\/1479\/revisions"}],"wp:attachment":[{"href":"https:\/\/plazajuarez.mx\/historico\/wp-json\/wp\/v2\/media?parent=1479"}],"wp:term":[{"taxonomy":"category","embeddable":true,"href":"https:\/\/plazajuarez.mx\/historico\/wp-json\/wp\/v2\/categories?post=1479"},{"taxonomy":"post_tag","embeddable":true,"href":"https:\/\/plazajuarez.mx\/historico\/wp-json\/wp\/v2\/tags?post=1479"}],"curies":[{"name":"wp","href":"https:\/\/api.w.org\/{rel}","templated":true}]}}