{"id":14773,"date":"2015-12-16T15:07:11","date_gmt":"2015-12-16T15:07:11","guid":{"rendered":"http:\/\/plazajuarez.mx\/index\/index.php\/2015\/12\/16\/los-aspirantes-listos-para-competir\/"},"modified":"2015-12-16T15:07:11","modified_gmt":"2015-12-16T15:07:11","slug":"los-aspirantes-listos-para-competir","status":"publish","type":"post","link":"https:\/\/plazajuarez.mx\/historico\/los-aspirantes-listos-para-competir\/","title":{"rendered":"Los aspirantes, listos para competir"},"content":{"rendered":"<p><strong>Terraza<\/strong><\/p>\n<p>  <!--more-->  <\/p>\n<p>\u00a0<\/p>\n<p>Cada vez que termina un a\u00f1o es importante reflexionar sobre lo que pas\u00f3 durante el a\u00f1o que termina y qu\u00e9 esperamos, el a\u00f1o que viene. En materia de pol\u00edtica nacional esto no es la excepci\u00f3n. En 2015 vivimos una jornada electoral sin mayores contratiempos, ya es sabido por todos, que los procesos intermedios no son tan concurridos.<\/p>\n<p>Aun antes de arrancar formalmente el proceso electoral del pr\u00f3ximo a\u00f1o, que ser\u00e1 pre\u00e1mbulo de las elecciones del 2018, en algunos estados los aspirantes ya realizan actividades propias de una campa\u00f1a electoral para posicionarse entre los electores.<\/p>\n<p>La batalla que ahora se desarrolla se da no solo para ganar apoyos en la ciudadan\u00eda, sino dentro de los propios sectores de los partidos pol\u00edticos para conseguir ser sus abanderados.<\/p>\n<p>Como ya se ha mencionado en comentarios anteriores, el pr\u00f3ximo a\u00f1o habr\u00e1 elecciones en 13 entidades. En 12 de ellas se elegir\u00e1 a un nuevo gobernador o gobernadora, se renovar\u00e1 el Congreso local y a los integrantes de los ayuntamientos.<\/p>\n<p>En total, estar\u00e1n en disputa mil 635 cargos p\u00fablicos: 12 gubernaturas, mil 182 ayuntamientos, 270 diputaciones de mayor\u00eda relativa y 171 diputados de representaci\u00f3n proporcional.<\/p>\n<p>La elecci\u00f3n en los 13 estados se llevar\u00e1 a cabo el domingo 5 de junio del 2016.<\/p>\n<p>Aunque cada estado seguir\u00e1 sus tiempos para el proceso electoral, ser\u00e1 el com\u00fan denominador que las precampa\u00f1as comiencen en enero o febrero a m\u00e1s tardar y las campa\u00f1as se desarrollen a partir de abril, terminando los primeros d\u00edas de junio.<\/p>\n<p>A pesar de ello ya existen aspirantes en algunos estados que ya est\u00e1n promovi\u00e9ndose para convertirse en los abanderados de sus partidos.<\/p>\n<p>El caso que m\u00e1s llama la atenci\u00f3n es el de Oaxaca: En esa entidad, el tricolor perdi\u00f3 por primera vez el control en el 2010, debido a una alianza del PAN, PRD, PT y Convergencia- hoy Movimiento Ciudadano- y es gobernada por Gabino Cu\u00e9.<\/p>\n<p>La inexistencia de la alianza del 2010, m\u00e1s el desgaste de la gubernatura de Cu\u00e9 y el fortalecimiento del PRI como primera fuerza electoral, podr\u00eda llevar al tricolor de regreso al poder.<\/p>\n<p>En Oaxaca por ejemplo en el PRI hay mucha actividad, H\u00e9ctor Pablo Ram\u00edrez Puga, quien aprovecha su posici\u00f3n como director de Liconsa, para hacerse presente en comunidades de la entidad; Alejandro Murat como uno de los m\u00e1s sonados, ex director de Infonavit, quien desde el centro del pa\u00eds ha ido construyendo su aspiraci\u00f3n en la entidad.<\/p>\n<p>El senador de la Rep\u00fablica Eviel P\u00e9rez Maga\u00f1a, quien fue el primer priista en perder la entidad- en las elecciones del 2010- que tambi\u00e9n ha recorrido algunas zonas de Oaxaca.<\/p>\n<p>En Veracruz, Duarte, gobernador actual prendi\u00f3 los focos rojos de la sucesi\u00f3n, en cuyo proceso ha predominado la guerra sucia, intentando desprestigiar a quienes se han dicho interesados en convertirse en mandatario veracruzano.<\/p>\n<p>En Chihuahua, medios de comunicaci\u00f3n locales han denunciado que Enrique Serrano, alcalde de Ciudad Ju\u00e1rez, ya anda repartiendo despensas con sus iniciales, en colonias populares de esta entidad.<\/p>\n<p>En Hidalgo, los priistas tambi\u00e9n van con todo en la disputa por la candidatura de su partido. Est\u00e1n llegando a la final para nominarse candidato(a) 6 aspirantes con iguales posibilidades, de los cuales 4 son los m\u00e1s mencionados hasta el d\u00eda de hoy: el diputado federal Fernando Moctezuma coordinador de la fracci\u00f3n priista hidalguense, en el Congreso, \u00a0los senadores David Penchyna y Omar Fayad, la directora del CDI, Nuvia Mayorga; sin embargo no muy atr\u00e1s Carolina Viggiano y Jos\u00e9 Antonio Rojo dando la pelea.<\/p>\n<p>Hidalgo es un caso especial pues vivir\u00e1 un proceso electoral totalmente diferente. Los votantes en este Estado con un padr\u00f3n de poco m\u00e1s de un mill\u00f3n 900 mil personas, deber\u00e1n seleccionar de manera simult\u00e1nea y por primera vez en la historia, los cargos de gobernador y diputados locales, que por \u00fanica vez los diputados estar\u00e1n dos a\u00f1os en lugar de tres, para empatar este periodo con las elecciones federales del 2018.<\/p>\n<p>Por otra parte, tendr\u00e1n el desaf\u00edo de continuar con el legado para dar\u00a0 certidumbre y prioridad a j\u00f3venes universitarios, aquellos que buscan una beca o bien su primer empleo al egresar de su facultad. El atender esta necesidad durante la actual\u00a0 administraci\u00f3n de Francisco Olvera, reconfort\u00f3 a la mayor\u00eda de los padres de familia e inclusive a los mismos estudiantes.<\/p>\n<p>La puesta en marcha de la primera tapa de la ciudad del Conocimiento en Hidalgo permitir\u00e1 satisfacer las necesidades que tiene el estado de mejorar el conocimiento y satisfacer la demanda de trabajadores mejor capacitados.<\/p>\n<p>\u00a0<\/p>\n","protected":false},"excerpt":{"rendered":"<p>Terraza<\/p>\n","protected":false},"author":93,"featured_media":0,"comment_status":"open","ping_status":"open","sticky":false,"template":"","format":"standard","meta":{"footnotes":""},"categories":[53],"tags":[],"class_list":["post-14773","post","type-post","status-publish","format-standard","hentry","category-luis-kaim-gebara"],"_links":{"self":[{"href":"https:\/\/plazajuarez.mx\/historico\/wp-json\/wp\/v2\/posts\/14773","targetHints":{"allow":["GET"]}}],"collection":[{"href":"https:\/\/plazajuarez.mx\/historico\/wp-json\/wp\/v2\/posts"}],"about":[{"href":"https:\/\/plazajuarez.mx\/historico\/wp-json\/wp\/v2\/types\/post"}],"author":[{"embeddable":true,"href":"https:\/\/plazajuarez.mx\/historico\/wp-json\/wp\/v2\/users\/93"}],"replies":[{"embeddable":true,"href":"https:\/\/plazajuarez.mx\/historico\/wp-json\/wp\/v2\/comments?post=14773"}],"version-history":[{"count":0,"href":"https:\/\/plazajuarez.mx\/historico\/wp-json\/wp\/v2\/posts\/14773\/revisions"}],"wp:attachment":[{"href":"https:\/\/plazajuarez.mx\/historico\/wp-json\/wp\/v2\/media?parent=14773"}],"wp:term":[{"taxonomy":"category","embeddable":true,"href":"https:\/\/plazajuarez.mx\/historico\/wp-json\/wp\/v2\/categories?post=14773"},{"taxonomy":"post_tag","embeddable":true,"href":"https:\/\/plazajuarez.mx\/historico\/wp-json\/wp\/v2\/tags?post=14773"}],"curies":[{"name":"wp","href":"https:\/\/api.w.org\/{rel}","templated":true}]}}