{"id":147712,"date":"2021-01-08T12:32:48","date_gmt":"2021-01-08T18:32:48","guid":{"rendered":"https:\/\/plazajuarez.mx\/?p=147712"},"modified":"2021-01-08T12:32:56","modified_gmt":"2021-01-08T18:32:56","slug":"vicente-fernandez-ya-se-vacuno","status":"publish","type":"post","link":"https:\/\/plazajuarez.mx\/historico\/vicente-fernandez-ya-se-vacuno\/","title":{"rendered":"Vicente Fern\u00e1ndez, \u00bfya se vacun\u00f3?"},"content":{"rendered":"\n<p class=\"wp-block-paragraph\">En d\u00edas recientes la aplicaci\u00f3n de la vacuna contra el Covid-19 ha sido tema de conversaci\u00f3n, pues no solo personal m\u00e9dico la ha recibido, pues Ricardo Mu\u00f1oz, vocalista de Intocable, tambi\u00e9n fue inyectado. No obstante, otras personas tambi\u00e9n habr\u00edan usado sus medios para conseguir una aplicaci\u00f3n de la cura desarrollada por Pfizer y BioNTech.<\/p>\n\n\n\n<p class=\"wp-block-paragraph\">En un reciente video, Juan Jos\u00e9 Origel dio a conocer que otros cantantes, muy reconocidos dentro del mundo musical mexicano, tambi\u00e9n fueron vacunados recientemente.<\/p>\n\n\n\n<p class=\"wp-block-paragraph\">&#8220;Me enter\u00e9, \u00bfqui\u00e9n creen que ya se vacun\u00f3? Ni lo saben, no, no, no\u2026 Ya recibieron la vacuna (contra el Covid-19) don Vicente Fern\u00e1ndez, &#8216;El Potrillo&#8217; y hasta a Gerardo, su hermano; ya los vacunaron&#8221;.<\/p>\n\n\n\n<p class=\"wp-block-paragraph\">El periodista de espect\u00e1culos enfatiz\u00f3 que fueron esos tres miembros de la dinast\u00eda Fern\u00e1ndez quienes fueron inyectados.<\/p>\n\n\n\n<p class=\"wp-block-paragraph\">&#8220;No s\u00e9 si a do\u00f1a Cuquita (Mar\u00eda del Refugio Abarca Villase\u00f1or, esposa de Vicente) tambi\u00e9n. Yo me enter\u00e9 de estos tres, pero ya los vacunaron. Qu\u00e9 bueno&#8221;, agreg\u00f3.<\/p>\n\n\n\n<p class=\"wp-block-paragraph\">Luego de su comentario sobre los int\u00e9rpretes de regional mexicano, Origel aplaudi\u00f3 que al personal m\u00e9dico le est\u00e9n aplicando la vacuna para que puedan seguir atendiendo a las personas infectadas por el coronavirus SARS-CoV-2.<\/p>\n","protected":false},"excerpt":{"rendered":"<p>En d\u00edas recientes la aplicaci\u00f3n de la vacuna contra el Covid-19 ha sido tema de conversaci\u00f3n, pues no solo personal m\u00e9dico la ha recibido, pues Ricardo Mu\u00f1oz, vocalista de Intocable, tambi\u00e9n fue inyectado. No obstante, otras personas tambi\u00e9n habr\u00edan usado sus medios para conseguir una aplicaci\u00f3n de la cura desarrollada por Pfizer y BioNTech. En [&hellip;]<\/p>\n","protected":false},"author":81,"featured_media":147722,"comment_status":"closed","ping_status":"open","sticky":false,"template":"","format":"standard","meta":{"footnotes":""},"categories":[38],"tags":[],"class_list":["post-147712","post","type-post","status-publish","format-standard","has-post-thumbnail","hentry","category-show"],"_links":{"self":[{"href":"https:\/\/plazajuarez.mx\/historico\/wp-json\/wp\/v2\/posts\/147712","targetHints":{"allow":["GET"]}}],"collection":[{"href":"https:\/\/plazajuarez.mx\/historico\/wp-json\/wp\/v2\/posts"}],"about":[{"href":"https:\/\/plazajuarez.mx\/historico\/wp-json\/wp\/v2\/types\/post"}],"author":[{"embeddable":true,"href":"https:\/\/plazajuarez.mx\/historico\/wp-json\/wp\/v2\/users\/81"}],"replies":[{"embeddable":true,"href":"https:\/\/plazajuarez.mx\/historico\/wp-json\/wp\/v2\/comments?post=147712"}],"version-history":[{"count":0,"href":"https:\/\/plazajuarez.mx\/historico\/wp-json\/wp\/v2\/posts\/147712\/revisions"}],"wp:featuredmedia":[{"embeddable":true,"href":"https:\/\/plazajuarez.mx\/historico\/wp-json\/wp\/v2\/media\/147722"}],"wp:attachment":[{"href":"https:\/\/plazajuarez.mx\/historico\/wp-json\/wp\/v2\/media?parent=147712"}],"wp:term":[{"taxonomy":"category","embeddable":true,"href":"https:\/\/plazajuarez.mx\/historico\/wp-json\/wp\/v2\/categories?post=147712"},{"taxonomy":"post_tag","embeddable":true,"href":"https:\/\/plazajuarez.mx\/historico\/wp-json\/wp\/v2\/tags?post=147712"}],"curies":[{"name":"wp","href":"https:\/\/api.w.org\/{rel}","templated":true}]}}