{"id":14769,"date":"2015-12-16T15:05:49","date_gmt":"2015-12-16T15:05:49","guid":{"rendered":"http:\/\/plazajuarez.mx\/index\/index.php\/2015\/12\/16\/mexico-ante-el-terrorismo-internacional\/"},"modified":"2015-12-16T15:05:49","modified_gmt":"2015-12-16T15:05:49","slug":"mexico-ante-el-terrorismo-internacional","status":"publish","type":"post","link":"https:\/\/plazajuarez.mx\/historico\/mexico-ante-el-terrorismo-internacional\/","title":{"rendered":"M\u00e9xico ante el terrorismo internacional"},"content":{"rendered":"<p>Con toda seguridad, los recientes ataques terroristas a Paris tendr\u00e1n futuras consecuencias en diversas latitudes. En nuestro caso, si bien esos lamentables sucesos podr\u00edan imaginarse distantes, la realidad es que los mismos deben ser asumidos como una seria advertencia a nuestra paz y seguridad.<\/p>\n<p>  <!--more-->  <\/p>\n<p>Nuestra vecindad con el principal objetivo del Estado Isl\u00e1mico (ISIS), as\u00ed como la inesperada menci\u00f3n de M\u00e9xico como parte de la supuesta coalici\u00f3n internacional que fue creada en su contra, nos obliga a que llevemos a cabo medidas oportunas frente a quien es catalogado ya como el grupo terrorista m\u00e1s violento y radical. <br \/>Dentro de los posibles riesgos que tenemos como naci\u00f3n amiga destaca, no obstante, un asunto en el que se debe prestar especial atenci\u00f3n por parte de nuestras autoridades policiales y de inteligencia: la financiaci\u00f3n al terrorismo internacional. <br \/>Existen dos factores que nos obligan a ello: nuestra cercan\u00eda con ese pa\u00eds norte\u00f1o, que conlleva latente la posibilidad de que pudiera estarse preparando aqu\u00ed un acto terrorista para afectarlo, tal como aconteci\u00f3 en Francia con B\u00e9lgica. <br \/>De este modo, s\u00f3lo como ejemplo, destaca que en el mes de septiembre la prensa nacional ya dio cuenta de la localizaci\u00f3n, a instancias del MI-6 Ingl\u00e9s, de un reclutador del ISIS que estaba operando en el centro de la Rep\u00fablica mexicana. <br \/>As\u00ed, el crimen organizado y el lavado de dinero se podr\u00edan traducir en contextos propicios dentro de nuestra extensa geograf\u00eda, para que el ISIS intente financiar sus operaciones, mover sus capitales y blanquear sus activos. <br \/>Esa problem\u00e1tica no es f\u00e1cil de resolver, pues mientras esa financiaci\u00f3n podr\u00eda ser de fuentes licitas e il\u00edcitas, a partir de peque\u00f1os montos, el lavado de dinero supone en todo caso cuantiosos recursos que podr\u00edan ser introducidos veladamente a la legalidad. <br \/>\u00bfEs f\u00e1cil detectar esos movimientos? Definitivamente no, ya que de conformidad con c\u00e1lculos internacionales confiables, el crimen organizado a nivel global puede blanquear hasta cien mil millones de d\u00f3lares anualmente. <br \/>La paradoja reside en que los ataques del 9-11 en Estados Unidos costaron a los perpetradores aproximadamente quinientos mil d\u00f3lares, mientras que los del 13-N en Par\u00eds fueron del orden de quince mil euros. <br \/>Ello contrasta con la enorme capacidad de operaci\u00f3n financiera del ISIS, que resulta de los vastos territorios que controla y que no s\u00f3lo le proveen de las abundantes riquezas naturales y del subsuelo, del petr\u00f3leo en particular, sino tambi\u00e9n las que provienen del control de las rutas comerciales y de tr\u00e1nsito. <br \/>El ISIS, de igual modo recibe donaciones, destacadamente de pa\u00edses \u00e1rabes, as\u00ed como de ONG\u2019S; y secuestra, esclaviza, roba, saquea, extorsiona, prostituye y trafica personas; y, a modo de un aut\u00e9ntico Estado organizado, establece incluso grav\u00e1menes, cargas y gabelas, se\u00f1aladamente a minor\u00edas religiosas. <br \/>En suma, las redes financieras del ISIS pueden proliferar con gran facilidad en los pa\u00edses donde no existen controles adecuados, p\u00fablicos y privados, as\u00ed como en aquellos donde prolifera la corrupci\u00f3n, la pobreza, la exclusi\u00f3n y la marginaci\u00f3n. <br \/>\u00bfEst\u00e1 M\u00e9xico preparado para esa detestable amenaza? <br \/>En principio s\u00ed, al haber instituido figuras especializadas bajo est\u00e1ndares internacionales, especialmente en lavado de dinero y sobre recursos de procedencia il\u00edcita, tal como lo recomend\u00f3 el Grupo de Acci\u00f3n Financiera. Tambi\u00e9n ratific\u00f3, desde 2002, la Convenci\u00f3n Internacional de las Naciones Unidas para la Supresi\u00f3n de la Financiaci\u00f3n del Terrorismo de 1999. <br \/>Sin embargo, la realidad es que mucho del financiamiento del ISIS proviene de fuentes l\u00edcitas, por lo que falta mucho por hacer, principalmente en aras de fortalecer nuestros servicios de inteligencia y sistemas de control y de supervisi\u00f3n por parte de las autoridades hacendarias y financieras, incisivamente sobre ciertos tipos de operaciones que a\u00fan suponen riesgos estructurales. <br \/>En \u00faltima instancia, todos debemos evitar que la criminalidad organizada se involucre con el financiamiento al terrorismo, particularmente con el ISIS y con los grupos extremistas, que por medio del da\u00f1o directo y masivo a la sociedad civil, quieren hacer valer su infame voluntad; todo ello contra los valores fundamentales que dan cohesi\u00f3n, esperanza y rumbo a la humanidad. \u00a0\u00a0 \u00a0\u00a0\u00a0 \u00a0<\/p>\n","protected":false},"excerpt":{"rendered":"<p>Con toda seguridad, los recientes ataques terroristas a Paris tendr\u00e1n futuras consecuencias en diversas latitudes. En nuestro caso, si bien esos lamentables sucesos podr\u00edan imaginarse distantes, la realidad es que los mismos deben ser asumidos como una seria advertencia a nuestra paz y seguridad.<\/p>\n","protected":false},"author":93,"featured_media":0,"comment_status":"open","ping_status":"open","sticky":false,"template":"","format":"standard","meta":{"footnotes":""},"categories":[42],"tags":[],"class_list":["post-14769","post","type-post","status-publish","format-standard","hentry","category-nuestrapalabra"],"_links":{"self":[{"href":"https:\/\/plazajuarez.mx\/historico\/wp-json\/wp\/v2\/posts\/14769","targetHints":{"allow":["GET"]}}],"collection":[{"href":"https:\/\/plazajuarez.mx\/historico\/wp-json\/wp\/v2\/posts"}],"about":[{"href":"https:\/\/plazajuarez.mx\/historico\/wp-json\/wp\/v2\/types\/post"}],"author":[{"embeddable":true,"href":"https:\/\/plazajuarez.mx\/historico\/wp-json\/wp\/v2\/users\/93"}],"replies":[{"embeddable":true,"href":"https:\/\/plazajuarez.mx\/historico\/wp-json\/wp\/v2\/comments?post=14769"}],"version-history":[{"count":0,"href":"https:\/\/plazajuarez.mx\/historico\/wp-json\/wp\/v2\/posts\/14769\/revisions"}],"wp:attachment":[{"href":"https:\/\/plazajuarez.mx\/historico\/wp-json\/wp\/v2\/media?parent=14769"}],"wp:term":[{"taxonomy":"category","embeddable":true,"href":"https:\/\/plazajuarez.mx\/historico\/wp-json\/wp\/v2\/categories?post=14769"},{"taxonomy":"post_tag","embeddable":true,"href":"https:\/\/plazajuarez.mx\/historico\/wp-json\/wp\/v2\/tags?post=14769"}],"curies":[{"name":"wp","href":"https:\/\/api.w.org\/{rel}","templated":true}]}}