{"id":14766,"date":"2015-12-16T15:02:56","date_gmt":"2015-12-16T15:02:56","guid":{"rendered":"http:\/\/plazajuarez.mx\/index\/index.php\/2015\/12\/16\/condenan-a-montserrat-caballe-a-seis-meses-de-carcel\/"},"modified":"2015-12-16T15:02:56","modified_gmt":"2015-12-16T15:02:56","slug":"condenan-a-montserrat-caballe-a-seis-meses-de-carcel","status":"publish","type":"post","link":"https:\/\/plazajuarez.mx\/historico\/condenan-a-montserrat-caballe-a-seis-meses-de-carcel\/","title":{"rendered":"Condenan a Montserrat Caball\u00e9 a seis meses de c\u00e1rcel"},"content":{"rendered":"<p>\u00a0<\/p>\n<p>La cantante ha llegado a un pacto con la Fiscal\u00eda y Abogac\u00eda del Estado en el que ha reconocido haber cometido el fraude.<\/p>\n<p>  <!--more-->  <\/p>\n<p>\u00a0<\/p>\n<p>La soprano Montserrat Caball\u00e9 ha ratificado ante el juez, en una declaraci\u00f3n efectuada desde su casa por videoconferencia y a puerta cerrada, el acuerdo alcanzado con la Fiscal\u00eda el pasado a\u00f1o, en el que acepta una condena de medio a\u00f1o de prisi\u00f3n (que no cumplir\u00e1) y una multa de 254.231 euros por fraude fiscal. Monserrat Caball\u00e9 ha sido condenada a 6 meses de c\u00e1rcel y a pagar una multa de 254.231 euros, y una indemnizaci\u00f3n de 72.202 euros a Hacienda.<\/p>\n<p>La soprano se ha limitado a ratificar el acuerdo alcanzado con la Fiscal\u00eda, por el que reconoce que defraud\u00f3 medio mill\u00f3n de euros a Hacienda -cantidad que ya ha devuelto- en la declaraci\u00f3n de la renta del a\u00f1o 2010, han informado fuentes judiciales.<\/p>\n<p>Sentada en una silla en el comedor de su casa, Caball\u00e9 ha comparecido por videoconferencia a puerta cerrada ante el titular del juzgado penal n\u00famero 13 de Barcelona.<\/p>\n<p>&#8220;S\u00ed, ratifico&#8221;, han sido las \u00fanicas palabras que la diva, que iba vestida con ropa de calle y con un foulard protegiendo su cuello, ha efectuado ante el magistrado, despu\u00e9s de que \u00e9ste le leyera el acuerdo de conformidad acordado en diciembre pasado con la Fiscal\u00eda y le preguntara si estaba de acuerdo.<\/p>\n<p>Caball\u00e9, a quien el juez ha permitido declarar desde su casa por motivos de salud, ha confirmado as\u00ed el acuerdo, a diferencia de lo que ocurri\u00f3 en mayo pasado, cuando no se present\u00f3 al juicio, sin dar explicaciones sobre los motivos de su ausencia y despu\u00e9s de que su abogado renunciara a defenderla.<\/p>\n<p>La diva tambi\u00e9n declar\u00f3 desde su casa en la fase de instrucci\u00f3n, cuando el pasado 9 de mayo el juez se desplaz\u00f3 a su domicilio para interrogarla, debido a su precario estado de salud, por lo que finalmente Caball\u00e9 ser\u00e1 condenada sin haber pisado los juzgados.<\/p>\n<p>Una vez ratificado el acuerdo, el juez redactar\u00e1 la sentencia, en la que la soprano ser\u00e1 condenada a seis meses de c\u00e1rcel por un delito contra la hacienda p\u00fablica, con la atenuante de reparaci\u00f3n del da\u00f1o -al devolver hace meses la cantidad defraudada-, a una multa de 254.231 euros y a indemnizar a Hacienda con 72.202 euros. Caball\u00e9 no podr\u00e1 recibir subvenciones p\u00fablicas ni gozar de beneficios o incentivos fiscales durante 18 meses.<\/p>\n<p>En virtud del acuerdo, Montserrat Caball\u00e9 tambi\u00e9n queda inhabilitada para el sufragio pasivo y no podr\u00e1 recibir subvenciones p\u00fablicas ni gozar de beneficios o incentivos fiscales durante un a\u00f1o y medio.<\/p>\n<p>Gracias a este acuerdo, la diva se ha beneficiado de una rebaja sustancial de la condena solicitada inicialmente por la Fiscal\u00eda, que le ha aplicado la atenuante de reparaci\u00f3n del da\u00f1o por haber devuelto ya a Hacienda los 508.462 euros que la Agencia Tributaria le reclamaba por la declaraci\u00f3n de IRPF de 2010.<\/p>\n<p>\u00a0<\/p>\n","protected":false},"excerpt":{"rendered":"<p>\u00a0 La cantante ha llegado a un pacto con la Fiscal\u00eda y Abogac\u00eda del Estado en el que ha reconocido haber cometido el fraude.<\/p>\n","protected":false},"author":93,"featured_media":0,"comment_status":"open","ping_status":"open","sticky":false,"template":"","format":"standard","meta":{"footnotes":""},"categories":[41],"tags":[],"class_list":["post-14766","post","type-post","status-publish","format-standard","hentry","category-arteria-cultural"],"_links":{"self":[{"href":"https:\/\/plazajuarez.mx\/historico\/wp-json\/wp\/v2\/posts\/14766","targetHints":{"allow":["GET"]}}],"collection":[{"href":"https:\/\/plazajuarez.mx\/historico\/wp-json\/wp\/v2\/posts"}],"about":[{"href":"https:\/\/plazajuarez.mx\/historico\/wp-json\/wp\/v2\/types\/post"}],"author":[{"embeddable":true,"href":"https:\/\/plazajuarez.mx\/historico\/wp-json\/wp\/v2\/users\/93"}],"replies":[{"embeddable":true,"href":"https:\/\/plazajuarez.mx\/historico\/wp-json\/wp\/v2\/comments?post=14766"}],"version-history":[{"count":0,"href":"https:\/\/plazajuarez.mx\/historico\/wp-json\/wp\/v2\/posts\/14766\/revisions"}],"wp:attachment":[{"href":"https:\/\/plazajuarez.mx\/historico\/wp-json\/wp\/v2\/media?parent=14766"}],"wp:term":[{"taxonomy":"category","embeddable":true,"href":"https:\/\/plazajuarez.mx\/historico\/wp-json\/wp\/v2\/categories?post=14766"},{"taxonomy":"post_tag","embeddable":true,"href":"https:\/\/plazajuarez.mx\/historico\/wp-json\/wp\/v2\/tags?post=14766"}],"curies":[{"name":"wp","href":"https:\/\/api.w.org\/{rel}","templated":true}]}}