{"id":147486,"date":"2021-01-07T06:55:20","date_gmt":"2021-01-07T12:55:20","guid":{"rendered":"https:\/\/plazajuarez.mx\/?p=147486"},"modified":"2021-01-07T06:55:31","modified_gmt":"2021-01-07T12:55:31","slug":"restringe-congreso-de-hidalgo-actividades","status":"publish","type":"post","link":"https:\/\/plazajuarez.mx\/historico\/restringe-congreso-de-hidalgo-actividades\/","title":{"rendered":"Restringe Congreso de Hidalgo actividades"},"content":{"rendered":"\n<p>La LXIV Legislatura de Hidalgo restringir\u00e1 actividades como medida preventiva luego de que el Gobierno del Estado de Hidalgo a trav\u00e9s de la Secretar\u00eda de Salud considerara a la zona sur de la entidad como zona de riesgo epidemiol\u00f3gico de Covid-19.<\/p>\n\n\n\n<p>El legislador Asael Hern\u00e1ndez Cer\u00f3n, Presidente de la Junta de Gobierno inform\u00f3 que ante las medidas implementadas s\u00f3lo se permitir\u00e1 el acceso a los miembros de la Diputaci\u00f3n Permanente, quienes sesionar\u00e1n con la ayuda del personal requerido para ejercer sus funciones a partir de este 7 de enero de 2021 a las 11:00 horas.<\/p>\n\n\n\n<p>La Diputaci\u00f3n Permanente est\u00e1 conformada por la Diputada Mar\u00eda Luisa P\u00e9rez Perusqu\u00eda, quien funge como Presidenta; Mar\u00eda Teodora Islas Espinosa como Vicepresidenta, Mar\u00eda Corina Mart\u00ednez Garc\u00eda como Secretaria, y de Jazm\u00edn Calva Garc\u00eda, Doralicia Mart\u00ednez Bautista, Lisset Marcelino Tovar, Margarita Evelyn Leonel Cruz, Jos\u00e9 Luis Espinosa Silva y Armando Quintanar Trejo como Representantes; as\u00ed como de Areli Rub\u00ed Miranda Ayala y Rosalba Calva Bautista como Suplentes Generales.<\/p>\n","protected":false},"excerpt":{"rendered":"<p>La LXIV Legislatura de Hidalgo restringir\u00e1 actividades como medida preventiva luego de que el Gobierno del Estado de Hidalgo a trav\u00e9s de la Secretar\u00eda de Salud considerara a la zona sur de la entidad como zona de riesgo epidemiol\u00f3gico de Covid-19. El legislador Asael Hern\u00e1ndez Cer\u00f3n, Presidente de la Junta de Gobierno inform\u00f3 que ante [&hellip;]<\/p>\n","protected":false},"author":93,"featured_media":147487,"comment_status":"closed","ping_status":"open","sticky":false,"template":"","format":"standard","meta":{"footnotes":""},"categories":[59],"tags":[],"class_list":["post-147486","post","type-post","status-publish","format-standard","has-post-thumbnail","hentry","category-general"],"_links":{"self":[{"href":"https:\/\/plazajuarez.mx\/historico\/wp-json\/wp\/v2\/posts\/147486","targetHints":{"allow":["GET"]}}],"collection":[{"href":"https:\/\/plazajuarez.mx\/historico\/wp-json\/wp\/v2\/posts"}],"about":[{"href":"https:\/\/plazajuarez.mx\/historico\/wp-json\/wp\/v2\/types\/post"}],"author":[{"embeddable":true,"href":"https:\/\/plazajuarez.mx\/historico\/wp-json\/wp\/v2\/users\/93"}],"replies":[{"embeddable":true,"href":"https:\/\/plazajuarez.mx\/historico\/wp-json\/wp\/v2\/comments?post=147486"}],"version-history":[{"count":0,"href":"https:\/\/plazajuarez.mx\/historico\/wp-json\/wp\/v2\/posts\/147486\/revisions"}],"wp:featuredmedia":[{"embeddable":true,"href":"https:\/\/plazajuarez.mx\/historico\/wp-json\/wp\/v2\/media\/147487"}],"wp:attachment":[{"href":"https:\/\/plazajuarez.mx\/historico\/wp-json\/wp\/v2\/media?parent=147486"}],"wp:term":[{"taxonomy":"category","embeddable":true,"href":"https:\/\/plazajuarez.mx\/historico\/wp-json\/wp\/v2\/categories?post=147486"},{"taxonomy":"post_tag","embeddable":true,"href":"https:\/\/plazajuarez.mx\/historico\/wp-json\/wp\/v2\/tags?post=147486"}],"curies":[{"name":"wp","href":"https:\/\/api.w.org\/{rel}","templated":true}]}}