{"id":147482,"date":"2021-01-07T06:53:52","date_gmt":"2021-01-07T12:53:52","guid":{"rendered":"https:\/\/plazajuarez.mx\/?p=147482"},"modified":"2021-01-07T06:54:05","modified_gmt":"2021-01-07T12:54:05","slug":"buscan-fortalecer-talleres-en-el-huixmi-y-11-de-julio","status":"publish","type":"post","link":"https:\/\/plazajuarez.mx\/historico\/buscan-fortalecer-talleres-en-el-huixmi-y-11-de-julio\/","title":{"rendered":"Buscan fortalecer talleres en El Huixmi y 11 de Julio"},"content":{"rendered":"\n<p>La directora general de la asociaci\u00f3n Alas Para Crear, Daniela Hern\u00e1ndez, asegur\u00f3 que el 2021 ser\u00e1 un a\u00f1o para reforzar los talleres, programas y acciones, principalmente en localidades como El Huixmi y 11 de Julio.<\/p>\n\n\n\n<p>Se\u00f1al\u00f3 que ante la pandemia por Covid-19 los retos son mayores, y en el a\u00f1o pasado tuvieron que reinventarse, ocupando herramientas tecnol\u00f3gicas para continuar brindando asesor\u00eda jur\u00eddica y atenci\u00f3n emocional, misma que se otorga v\u00eda telef\u00f3nica y online.<\/p>\n\n\n\n<p>En ese sentido, precis\u00f3 que fortalecer\u00e1n las acciones, principalmente en El Huixmi, comunidad catalogada a nivel nacional con mayor \u00edndice de marginaci\u00f3n; adem\u00e1s de continuar impulsando la&nbsp; reinserci\u00f3n socio laboral de sectores excluidos y la implementaci\u00f3n de talleres de prevenci\u00f3n comunitaria.<\/p>\n\n\n\n<p>Asimismo, Daniela Hern\u00e1ndez indic\u00f3 que iniciar\u00e1n el dise\u00f1o de una estrategia en la colonia 11 de Julio para el cuidado de la ni\u00f1ez, luego del lamentable suceso en el que perdieran la vida tres peque\u00f1os a manos de su padre.<\/p>\n","protected":false},"excerpt":{"rendered":"<p>La directora general de la asociaci\u00f3n Alas Para Crear, Daniela Hern\u00e1ndez, asegur\u00f3 que el 2021 ser\u00e1 un a\u00f1o para reforzar los talleres, programas y acciones, principalmente en localidades como El Huixmi y 11 de Julio. Se\u00f1al\u00f3 que ante la pandemia por Covid-19 los retos son mayores, y en el a\u00f1o pasado tuvieron que reinventarse, ocupando [&hellip;]<\/p>\n","protected":false},"author":73,"featured_media":147483,"comment_status":"closed","ping_status":"open","sticky":false,"template":"","format":"standard","meta":{"footnotes":""},"categories":[59],"tags":[],"class_list":["post-147482","post","type-post","status-publish","format-standard","has-post-thumbnail","hentry","category-general"],"_links":{"self":[{"href":"https:\/\/plazajuarez.mx\/historico\/wp-json\/wp\/v2\/posts\/147482","targetHints":{"allow":["GET"]}}],"collection":[{"href":"https:\/\/plazajuarez.mx\/historico\/wp-json\/wp\/v2\/posts"}],"about":[{"href":"https:\/\/plazajuarez.mx\/historico\/wp-json\/wp\/v2\/types\/post"}],"author":[{"embeddable":true,"href":"https:\/\/plazajuarez.mx\/historico\/wp-json\/wp\/v2\/users\/73"}],"replies":[{"embeddable":true,"href":"https:\/\/plazajuarez.mx\/historico\/wp-json\/wp\/v2\/comments?post=147482"}],"version-history":[{"count":0,"href":"https:\/\/plazajuarez.mx\/historico\/wp-json\/wp\/v2\/posts\/147482\/revisions"}],"wp:featuredmedia":[{"embeddable":true,"href":"https:\/\/plazajuarez.mx\/historico\/wp-json\/wp\/v2\/media\/147483"}],"wp:attachment":[{"href":"https:\/\/plazajuarez.mx\/historico\/wp-json\/wp\/v2\/media?parent=147482"}],"wp:term":[{"taxonomy":"category","embeddable":true,"href":"https:\/\/plazajuarez.mx\/historico\/wp-json\/wp\/v2\/categories?post=147482"},{"taxonomy":"post_tag","embeddable":true,"href":"https:\/\/plazajuarez.mx\/historico\/wp-json\/wp\/v2\/tags?post=147482"}],"curies":[{"name":"wp","href":"https:\/\/api.w.org\/{rel}","templated":true}]}}