{"id":147470,"date":"2021-01-07T06:46:43","date_gmt":"2021-01-07T12:46:43","guid":{"rendered":"https:\/\/plazajuarez.mx\/?p=147470"},"modified":"2021-01-07T06:46:52","modified_gmt":"2021-01-07T12:46:52","slug":"laguna-de-voces-695","status":"publish","type":"post","link":"https:\/\/plazajuarez.mx\/historico\/laguna-de-voces-695\/","title":{"rendered":"LAGUNA DE VOCES"},"content":{"rendered":"\n<h2 class=\"wp-block-heading\"><strong>Tren de la esperanz<\/strong>a<\/h2>\n\n\n\n<p>Ahora es el fr\u00edo. De ma\u00f1ana la esperanza es similar a la que tenemos. Es decir que se asoma por las ventanas, anima y luego se esfuma. Llega entonces el fr\u00edo y las historias que son recuerdos dolorosos m\u00e1s y m\u00e1s cercanos, m\u00e1s con cara de espanto.<\/p>\n\n\n\n<p>\u00bfD\u00f3nde quedaron los nosotros que hablaban del amor como \u00fanica v\u00eda a la salvaci\u00f3n?<\/p>\n\n\n\n<p>Descubrimos que el tiempo y las angustias terminaron por minar de manera irremediable la capacidad de enfrentar un fantasma que ha decidido quedarse, que no tiene para cu\u00e1ndo irse.<\/p>\n\n\n\n<p>&nbsp;&nbsp;&nbsp;&nbsp;&nbsp;El fr\u00edo tiene voces diferentes, en la llamada normalidad recuerdo inmediato de las fiestas decembrinas, de esa \u00e9poca en que regularmente se reencuentra a la familia, a los cari\u00f1os que se aceptan como permanentes. Pero esta vez ya no fue as\u00ed, y por eso los escalofr\u00edos por las temperaturas bajas, el tiritar con el miedo como origen.<\/p>\n\n\n\n<p>&nbsp;&nbsp;&nbsp;&nbsp;&nbsp;Eso es lo que cambi\u00f3 de pronto todo, porque dejamos de tener un camino simple hacia el cambio de climas, de estaciones, de tiempos.<\/p>\n\n\n\n<p>&nbsp;&nbsp;&nbsp;&nbsp;&nbsp;Y es el problema: que las estaciones se transformaron en aquellas donde se estacionan los trenes interminables, los que caminan lentos en las v\u00edas que sabemos vida, pero que ahora no llevan a ning\u00fan lado.<\/p>\n\n\n\n<p>&nbsp;&nbsp;&nbsp;&nbsp;Aunque existe la esperanza de que un d\u00eda cualquiera se escuche la alarma para desalojar las v\u00edas, porque el tren de la vida arrancar\u00e1 de nuevo.<\/p>\n\n\n\n<p>&nbsp;&nbsp;&nbsp;&nbsp;&nbsp;Eso esperamos.<\/p>\n\n\n\n<p>&nbsp;&nbsp;&nbsp;&nbsp;&nbsp;Con profunda fe, que es lo \u00fanico que no se pierde.<\/p>\n\n\n\n<p><strong>Mil gracias, hasta ma\u00f1ana.<\/strong><\/p>\n\n\n\n<p>jeperalta@plazajuarez.mx\/historico\/historico<\/p>\n\n\n\n<p>@JavierEPeralta<\/p>\n","protected":false},"excerpt":{"rendered":"<p>Tren de la esperanza Ahora es el fr\u00edo. De ma\u00f1ana la esperanza es similar a la que tenemos. Es decir que se asoma por las ventanas, anima y luego se esfuma. Llega entonces el fr\u00edo y las historias que son recuerdos dolorosos m\u00e1s y m\u00e1s cercanos, m\u00e1s con cara de espanto. \u00bfD\u00f3nde quedaron los nosotros [&hellip;]<\/p>\n","protected":false},"author":10,"featured_media":0,"comment_status":"closed","ping_status":"open","sticky":false,"template":"","format":"standard","meta":{"footnotes":""},"categories":[49,42],"tags":[],"class_list":["post-147470","post","type-post","status-publish","format-standard","hentry","category-javier-peralta","category-nuestrapalabra"],"_links":{"self":[{"href":"https:\/\/plazajuarez.mx\/historico\/wp-json\/wp\/v2\/posts\/147470","targetHints":{"allow":["GET"]}}],"collection":[{"href":"https:\/\/plazajuarez.mx\/historico\/wp-json\/wp\/v2\/posts"}],"about":[{"href":"https:\/\/plazajuarez.mx\/historico\/wp-json\/wp\/v2\/types\/post"}],"author":[{"embeddable":true,"href":"https:\/\/plazajuarez.mx\/historico\/wp-json\/wp\/v2\/users\/10"}],"replies":[{"embeddable":true,"href":"https:\/\/plazajuarez.mx\/historico\/wp-json\/wp\/v2\/comments?post=147470"}],"version-history":[{"count":0,"href":"https:\/\/plazajuarez.mx\/historico\/wp-json\/wp\/v2\/posts\/147470\/revisions"}],"wp:attachment":[{"href":"https:\/\/plazajuarez.mx\/historico\/wp-json\/wp\/v2\/media?parent=147470"}],"wp:term":[{"taxonomy":"category","embeddable":true,"href":"https:\/\/plazajuarez.mx\/historico\/wp-json\/wp\/v2\/categories?post=147470"},{"taxonomy":"post_tag","embeddable":true,"href":"https:\/\/plazajuarez.mx\/historico\/wp-json\/wp\/v2\/tags?post=147470"}],"curies":[{"name":"wp","href":"https:\/\/api.w.org\/{rel}","templated":true}]}}