{"id":147343,"date":"2021-01-06T06:44:18","date_gmt":"2021-01-06T12:44:18","guid":{"rendered":"https:\/\/plazajuarez.mx\/?p=147343"},"modified":"2021-01-06T06:44:29","modified_gmt":"2021-01-06T12:44:29","slug":"retratos-hablados-1018","status":"publish","type":"post","link":"https:\/\/plazajuarez.mx\/historico\/retratos-hablados-1018\/","title":{"rendered":"RETRATOS HABLADOS"},"content":{"rendered":"\n<h2 class=\"wp-block-heading\"><strong>Siempre es posible sobrevivir<\/strong><\/h2>\n\n\n\n<p>Regresamos a sem\u00e1foro rojo.<\/p>\n\n\n\n<p>La situaci\u00f3n es cr\u00edtica, aunque nos neguemos a aceptar tan cruda realidad, luego de navegar con la bandera de la incredulidad durante casi un a\u00f1o, hasta que finalmente vimos de cerca que el virus es un asesino rapaz y traicionero, y que por supuesto barre a su paso con quienes insistieron hasta su \u00faltimo aliento en negar su existencia. Existe. Mata. Y es cruel en todo el sentido de la palabra.<\/p>\n\n\n\n<p>No fue lo que pensamos el arranque de un nuevo a\u00f1o. Por el contrario, las cosas parecieran ir peor con todo y que la vacuna empieza a llegar a territorio nacional, pero a ciencia cierta nadie sabe si cuando le toque todav\u00eda estar\u00e1 vivo o con los pulmones hechos un desastre en caso de sobrevivir.<\/p>\n\n\n\n<p>Parece llegado el momento en que el capit\u00e1n del barco d\u00e9 el grito de alarma para abandonar la embarcaci\u00f3n: \u201c\u00a1ni\u00f1os y mujeres primero!\u201d, porque desde el centro de comando el almirante de todo el pa\u00eds no se cansa de asegurar que pese al panorama en que uno a uno los nav\u00edos se van a pique, jura y perjura que vamos mejor que nunca, que la situaci\u00f3n est\u00e1 a pedir de boca. Es muy probable que ni con el agua al cuello acepte la realidad.<\/p>\n\n\n\n<p>Hace poco un maestro carpintero me comentaba: \u201cme mor\u00ed por lo menos tres veces, no pod\u00eda respirar y ca\u00eda desmayado. Estoy seguro que hab\u00eda muerto, pero por la gracia de Dios aqu\u00ed estoy, muy maltrecho pero vivo todav\u00eda. Ya me ir\u00e9 cuando \u00e9l decida que as\u00ed sea\u201d, recordaba entre esfuerzos para jalar aire, para llenar los pulmones golpeados a m\u00e1s no poder por la enfermedad.<\/p>\n\n\n\n<p>Me quedo con lo que me dijo al final de la pl\u00e1tica telef\u00f3nica, con el ruego sincero, honesto: \u201cpor favor, por lo que m\u00e1s quiera, cu\u00eddese y cuide a su familia, a las personas que m\u00e1s quiera. Es un infierno lo que se vive, y es muy f\u00e1cil morirse. Yo estoy vivo de puro milagro, pero s\u00e9 que puede ya no haberla contado. Cu\u00eddese, cu\u00eddense, se lo ruego\u201d.<\/p>\n\n\n\n<p>Por lo mientras regresamos al sem\u00e1foro rojo, es decir al confinamiento riguroso, al cierre de casi todos los negocios, al fantasma de la quiebra econ\u00f3mica, al terror de muchas familias que de pronto ver\u00e1n que el horizonte de nuevo se llen\u00f3 de nubarrones.<\/p>\n\n\n\n<p>Estamos ante una verdadera pesadilla que a lo largo de casi todo el 2020 insistimos en ver de ese modo: un mal sue\u00f1o. Y no, no se trata de ning\u00fan sue\u00f1o, sino de una realidad dram\u00e1tica de la que todav\u00eda se ve muy lejos la salida.<\/p>\n\n\n\n<p>Seguimos dentro de un t\u00fanel sin que est\u00e9 pr\u00f3xima la luz que anuncia la salida, y por el contrario empieza a flaquear la esperanza, la certeza de que en cualquier momento desaparecer\u00e1 la oscuridad para dar paso al d\u00eda. Pero no es as\u00ed.<\/p>\n\n\n\n<p>As\u00ed que lo dicho por el maestro Willy, el carpintero, es lo \u00fanico que puedo decirle a usted que me lee, que me permite platicarle en estos tiempos cosas mucho m\u00e1s importantes que lo que hagan o dejen de hacer los pol\u00edticos: \u201cpor lo que m\u00e1s quiera, cu\u00eddese y cuide a su familia, a las personas que m\u00e1s quiera\u201d.<\/p>\n\n\n\n<p>Solo quienes han caminado por los senderos del sufrimiento saben del sufrimiento, del miedo a que un d\u00eda cualquiera desaparezcan sin poder siquiera decir adi\u00f3s.<\/p>\n\n\n\n<p>Dese como Regalo de Reyes la conciencia plena de que con todo y el pesimismo que agarra por el cuello a quien se deja, es posible vencer el destino si comprendemos que estamos ante el reto m\u00e1s grande que la humanidad haya vivido: sobrevivir.<\/p>\n\n\n\n<p>Mil gracias, hasta ma\u00f1ana.<\/p>\n\n\n\n<p><a href=\"mailto:jeperalta@plazajuarez.mx\/historico\/historico\">jeperalta@plazajuarez.mx\/historico\/historico<\/a><\/p>\n\n\n\n<p>@JavierEPeralta<\/p>\n","protected":false},"excerpt":{"rendered":"<p>Siempre es posible sobrevivir Regresamos a sem\u00e1foro rojo. La situaci\u00f3n es cr\u00edtica, aunque nos neguemos a aceptar tan cruda realidad, luego de navegar con la bandera de la incredulidad durante casi un a\u00f1o, hasta que finalmente vimos de cerca que el virus es un asesino rapaz y traicionero, y que por supuesto barre a su [&hellip;]<\/p>\n","protected":false},"author":10,"featured_media":0,"comment_status":"closed","ping_status":"open","sticky":false,"template":"","format":"standard","meta":{"footnotes":""},"categories":[49,42],"tags":[],"class_list":["post-147343","post","type-post","status-publish","format-standard","hentry","category-javier-peralta","category-nuestrapalabra"],"_links":{"self":[{"href":"https:\/\/plazajuarez.mx\/historico\/wp-json\/wp\/v2\/posts\/147343","targetHints":{"allow":["GET"]}}],"collection":[{"href":"https:\/\/plazajuarez.mx\/historico\/wp-json\/wp\/v2\/posts"}],"about":[{"href":"https:\/\/plazajuarez.mx\/historico\/wp-json\/wp\/v2\/types\/post"}],"author":[{"embeddable":true,"href":"https:\/\/plazajuarez.mx\/historico\/wp-json\/wp\/v2\/users\/10"}],"replies":[{"embeddable":true,"href":"https:\/\/plazajuarez.mx\/historico\/wp-json\/wp\/v2\/comments?post=147343"}],"version-history":[{"count":0,"href":"https:\/\/plazajuarez.mx\/historico\/wp-json\/wp\/v2\/posts\/147343\/revisions"}],"wp:attachment":[{"href":"https:\/\/plazajuarez.mx\/historico\/wp-json\/wp\/v2\/media?parent=147343"}],"wp:term":[{"taxonomy":"category","embeddable":true,"href":"https:\/\/plazajuarez.mx\/historico\/wp-json\/wp\/v2\/categories?post=147343"},{"taxonomy":"post_tag","embeddable":true,"href":"https:\/\/plazajuarez.mx\/historico\/wp-json\/wp\/v2\/tags?post=147343"}],"curies":[{"name":"wp","href":"https:\/\/api.w.org\/{rel}","templated":true}]}}