{"id":147061,"date":"2021-01-04T06:58:00","date_gmt":"2021-01-04T12:58:00","guid":{"rendered":"https:\/\/plazajuarez.mx\/?p=147061"},"modified":"2021-01-04T06:58:22","modified_gmt":"2021-01-04T12:58:22","slug":"de-cuerpo-entero-31","status":"publish","type":"post","link":"https:\/\/plazajuarez.mx\/historico\/de-cuerpo-entero-31\/","title":{"rendered":"DE CUERPO ENTERO"},"content":{"rendered":"\n<h2 class=\"wp-block-heading\"><strong>PERO NO FUE LO MISMO<\/strong><\/h2>\n\n\n\n<p><strong><em>Y los d\u00edas fueron todos iguales,<\/em><\/strong><\/p>\n\n\n\n<p><strong><em>Algunas ma\u00f1anas fr\u00edas y tardes rutilantes,<\/em><\/strong><\/p>\n\n\n\n<p><strong><em>Los r\u00edos no cambiaron sus cauces, ni las monta\u00f1as se hicieron peque\u00f1as,<\/em><\/strong><\/p>\n\n\n\n<p><strong><em>Las estrellas puntuales como siempre, desfilaron cada noche como si hicieran gracia.<\/em><\/strong><\/p>\n\n\n\n<p><strong><em>Pero no fue lo mismo\u2026<\/em><\/strong><\/p>\n\n\n\n<p><strong><em>A los pocos meses de que el a\u00f1o entreabriera los ojos,<\/em><\/strong><\/p>\n\n\n\n<p><strong><em>La muerte camin\u00f3 en sigilo, buscando un lugar a toda costa;<\/em><\/strong><\/p>\n\n\n\n<p><strong><em>Se acomod\u00f3 entre la gente con a\u00f1os ya gastados,<\/em><\/strong><\/p>\n\n\n\n<p><strong><em>Y as\u00ed, sin levantar la vista, se los empez\u00f3 a llevar,<\/em><\/strong><\/p>\n\n\n\n<p><strong><em>Uno a uno;<\/em><\/strong><\/p>\n\n\n\n<p><strong><em>Pero no fue lo mismo&#8230;<\/em><\/strong><\/p>\n\n\n\n<p><strong><em>Este virus maldito e iracundo, desliz\u00f3 cual cometa<\/em><\/strong><\/p>\n\n\n\n<p><strong><em>Una cauda con ausencia de aire, una muerte, un adi\u00f3s, un suspiro\u2026<\/em><\/strong><\/p>\n\n\n\n<p><strong><em>Pero no fue lo mismo\u2026<\/em><\/strong><\/p>\n\n\n\n<p><strong><em>El miedo como emblema dorado por el sol,<\/em><\/strong><\/p>\n\n\n\n<p><strong><em>Se hizo de todos los rincones, todos contra todos,&nbsp;<\/em><\/strong><\/p>\n\n\n\n<p><strong><em>Los unos aferrados a sus sue\u00f1os, y los otros temblando en la nostalgia;<\/em><\/strong><\/p>\n\n\n\n<p><strong><em>Pero no fue lo mismo\u2026<\/em><\/strong><\/p>\n\n\n\n<p><strong><em>Nuestros viejos se fueron en silencio,<\/em><\/strong><\/p>\n\n\n\n<p><strong><em>Callados, muy callados,<\/em><\/strong><\/p>\n\n\n\n<p><strong><em>Con temor de espantar a los difuntos,<\/em><\/strong><\/p>\n\n\n\n<p><strong><em>No hubo aplausos, abrazos ni consuelos,<\/em><\/strong><\/p>\n\n\n\n<p><strong><em>Era urgente enlistarse en la tabla de los idos;<\/em><\/strong><\/p>\n\n\n\n<p><strong><em>Pero no fue lo mismo\u2026<\/em><\/strong><\/p>\n\n\n\n<p><strong><em>El adi\u00f3s fue a lo lejos, detr\u00e1s de la reja del espanto,<\/em><\/strong><\/p>\n\n\n\n<p><strong><em>El amor a los viejos fue envuelto en cenizas tan poquitas,<\/em><\/strong><\/p>\n\n\n\n<p><strong><em>Que en un pu\u00f1o apretado bien cab\u00edan;<\/em><\/strong><\/p>\n\n\n\n<p><strong><em>Pero no fue lo mismo\u2026<\/em><\/strong><\/p>\n\n\n\n<p><strong><em>Fueron tantos, que los pu\u00f1os en alto levantados,<\/em><\/strong><\/p>\n\n\n\n<p><strong><em>Dieron luz a las noches,<\/em><\/strong><\/p>\n\n\n\n<p><strong><em>Y como luci\u00e9rnagas de miles de colores<\/em><\/strong><\/p>\n\n\n\n<p><strong><em>Brillaron tanto, que cre\u00edamos que el cielo se ca\u00eda.<\/em><\/strong><\/p>\n\n\n\n<p><strong><em>Pero no fue lo mismo\u2026<\/em><\/strong><\/p>\n\n\n\n<p><strong><em>Como marinos perdidos en los mares,<\/em><\/strong><\/p>\n\n\n\n<p><strong><em>Cada cual con un remo y una estrella<\/em><\/strong><\/p>\n\n\n\n<p><strong><em>Ha remado por noches y por d\u00edas;<\/em><\/strong><\/p>\n\n\n\n<p><strong><em>El capit\u00e1n, si exist\u00eda, ya se ha ido,&nbsp;<\/em><\/strong><\/p>\n\n\n\n<p><strong><em>Y todos embozados cual cuatreros,<\/em><\/strong><\/p>\n\n\n\n<p><strong><em>Han buscado la venia de la vida;<\/em><\/strong><\/p>\n\n\n\n<p><strong><em>Pero no fue lo mismo\u2026<\/em><\/strong><\/p>\n\n\n\n<p><strong><em>Este virus maldito de corona,<\/em><\/strong><\/p>\n\n\n\n<p><strong><em>No se ha ido, y ha marcado los d\u00edas y las semanas,<\/em><\/strong><\/p>\n\n\n\n<p><strong><em>De dolor, amargura y mil partidas;<\/em><\/strong><\/p>\n\n\n\n<p><strong><em>Pero no fue lo mismo\u2026<\/em><\/strong><\/p>\n\n\n\n<p><strong><em>Sin embargo, lo que empieza termina como el fuego,<\/em><\/strong><\/p>\n\n\n\n<p><strong><em>Con vacunas que ruedan por el mundo.<\/em><\/strong><\/p>\n\n\n\n<p><strong><em>Hoy es d\u00eda de perderse en lontananza,<\/em><\/strong><\/p>\n\n\n\n<p><strong><em>De una vida brillante por la luna.<\/em><\/strong><\/p>\n","protected":false},"excerpt":{"rendered":"<p>PERO NO FUE LO MISMO Y los d\u00edas fueron todos iguales, Algunas ma\u00f1anas fr\u00edas y tardes rutilantes, Los r\u00edos no cambiaron sus cauces, ni las monta\u00f1as se hicieron peque\u00f1as, Las estrellas puntuales como siempre, desfilaron cada noche como si hicieran gracia. Pero no fue lo mismo\u2026 A los pocos meses de que el a\u00f1o entreabriera [&hellip;]<\/p>\n","protected":false},"author":91,"featured_media":0,"comment_status":"closed","ping_status":"open","sticky":false,"template":"","format":"standard","meta":{"footnotes":""},"categories":[82],"tags":[],"class_list":["post-147061","post","type-post","status-publish","format-standard","hentry","category-dr-antonio-peralta-sanchez"],"_links":{"self":[{"href":"https:\/\/plazajuarez.mx\/historico\/wp-json\/wp\/v2\/posts\/147061","targetHints":{"allow":["GET"]}}],"collection":[{"href":"https:\/\/plazajuarez.mx\/historico\/wp-json\/wp\/v2\/posts"}],"about":[{"href":"https:\/\/plazajuarez.mx\/historico\/wp-json\/wp\/v2\/types\/post"}],"author":[{"embeddable":true,"href":"https:\/\/plazajuarez.mx\/historico\/wp-json\/wp\/v2\/users\/91"}],"replies":[{"embeddable":true,"href":"https:\/\/plazajuarez.mx\/historico\/wp-json\/wp\/v2\/comments?post=147061"}],"version-history":[{"count":0,"href":"https:\/\/plazajuarez.mx\/historico\/wp-json\/wp\/v2\/posts\/147061\/revisions"}],"wp:attachment":[{"href":"https:\/\/plazajuarez.mx\/historico\/wp-json\/wp\/v2\/media?parent=147061"}],"wp:term":[{"taxonomy":"category","embeddable":true,"href":"https:\/\/plazajuarez.mx\/historico\/wp-json\/wp\/v2\/categories?post=147061"},{"taxonomy":"post_tag","embeddable":true,"href":"https:\/\/plazajuarez.mx\/historico\/wp-json\/wp\/v2\/tags?post=147061"}],"curies":[{"name":"wp","href":"https:\/\/api.w.org\/{rel}","templated":true}]}}