{"id":146830,"date":"2021-01-02T06:54:19","date_gmt":"2021-01-02T12:54:19","guid":{"rendered":"https:\/\/plazajuarez.mx\/?p=146830"},"modified":"2021-01-02T06:54:32","modified_gmt":"2021-01-02T12:54:32","slug":"la-secturh-avanzo-en-el-cumplimiento-de-metas","status":"publish","type":"post","link":"https:\/\/plazajuarez.mx\/historico\/la-secturh-avanzo-en-el-cumplimiento-de-metas\/","title":{"rendered":"LA SECTURH AVANZ\u00d3 EN EL CUMPLIMIENTO DE METAS"},"content":{"rendered":"\n<p>Pese a la situaci\u00f3n at\u00edpica que se vive en el pa\u00eds y el mundo a consecuencia de la contingencia sanitaria, la Secretar\u00eda de Turismo, encabezada por Eduardo Javier Ba\u00f1os G\u00f3mez, logr\u00f3 resultados tangibles en la administraci\u00f3n del gobernador Omar Fayad, mediante la coordinaci\u00f3n y la suma de esfuerzos de diferentes instituciones y \u00f3rdenes de gobierno.&nbsp;<\/p>\n\n\n\n<p>A lo largo del a\u00f1o 2020, se obtuvieron diferentes reconocimientos para el sector tur\u00edstico que benefician de manera directa a la poblaci\u00f3n hidalguense. El 4 de febrero, se le otorg\u00f3 al estado de Hidalgo por acuerdo presidencial ser sede bienal del Tianguis de Pueblos M\u00e1gicos, resultado obtenido gracias a la gesti\u00f3n del gobernador Omar Fayad, en la que se destaca a Hidalgo por ser cuna de los Pueblos M\u00e1gicos y al haber albergado la primera edici\u00f3n de dicho evento, el cual, en palabras del secretario de Turismo federal, Miguel Torruco Marqu\u00e9s, es reconocido por haber sido un evento de calidad y por superar las expectativas.&nbsp;<\/p>\n\n\n\n<p>Como resultado de la solicitud realizada por el gobernador Omar Fayad a trav\u00e9s de la Secretar\u00eda de Turismo estatal y gracias al apoyo de la Secretar\u00eda de Turismo federal se instituy\u00f3 el 5 de octubre como el D\u00eda Nacional de los Pueblos M\u00e1gicos, al ser la fecha en que se otorg\u00f3 el nombramiento al primer Pueblo M\u00e1gico de M\u00e9xico: Huasca de Ocampo.<\/p>\n\n\n\n<p>En el rubro de promoci\u00f3n Hidalgo particip\u00f3 en la Feria Internacional de Turismo (Fitur), que es la primera cita anual para los profesionales del turismo mundial y la feria l\u00edder para los mercados receptivos y emisores de Iberoam\u00e9rica.&nbsp; La edici\u00f3n 2020 de la Fitur bati\u00f3 r\u00e9cord de participaci\u00f3n con 11,040 empresas de 165 pa\u00edses, la intervenci\u00f3n de 150,011 profesionales y 111,089 visitantes de p\u00fablico general.&nbsp;<\/p>\n\n\n\n<p>La Secturh capacit\u00f3 a 2,495 prestadores de servicios tur\u00edsticos, imparti\u00f3 125 cursos de capacitaci\u00f3n en modalidad virtual, dando prioridad a las medidas de higiene en coordinaci\u00f3n con las autoridades de salubridad correspondientes.&nbsp;<\/p>\n\n\n\n<p>La pandemia de SARS-CoV-2 caus\u00f3 un duro impacto en el sector tur\u00edstico del mundo, en Hidalgo, lamentablemente no fue la excepci\u00f3n ya que en cifras estimadas se&nbsp; poco m\u00e1s de los 3,000,000 de visitantes y turistas al estado, una derrama econ\u00f3mica superior a 1,000,000,000 de pesos y un porcentaje de ocupaci\u00f3n hotelera estimado del 31 por ciento.<\/p>\n","protected":false},"excerpt":{"rendered":"<p>Pese a la situaci\u00f3n at\u00edpica que se vive en el pa\u00eds y el mundo a consecuencia de la contingencia sanitaria, la Secretar\u00eda de Turismo, encabezada por Eduardo Javier Ba\u00f1os G\u00f3mez, logr\u00f3 resultados tangibles en la administraci\u00f3n del gobernador Omar Fayad, mediante la coordinaci\u00f3n y la suma de esfuerzos de diferentes instituciones y \u00f3rdenes de gobierno.&nbsp; [&hellip;]<\/p>\n","protected":false},"author":93,"featured_media":146831,"comment_status":"closed","ping_status":"open","sticky":false,"template":"","format":"standard","meta":{"footnotes":""},"categories":[59],"tags":[],"class_list":["post-146830","post","type-post","status-publish","format-standard","has-post-thumbnail","hentry","category-general"],"_links":{"self":[{"href":"https:\/\/plazajuarez.mx\/historico\/wp-json\/wp\/v2\/posts\/146830","targetHints":{"allow":["GET"]}}],"collection":[{"href":"https:\/\/plazajuarez.mx\/historico\/wp-json\/wp\/v2\/posts"}],"about":[{"href":"https:\/\/plazajuarez.mx\/historico\/wp-json\/wp\/v2\/types\/post"}],"author":[{"embeddable":true,"href":"https:\/\/plazajuarez.mx\/historico\/wp-json\/wp\/v2\/users\/93"}],"replies":[{"embeddable":true,"href":"https:\/\/plazajuarez.mx\/historico\/wp-json\/wp\/v2\/comments?post=146830"}],"version-history":[{"count":0,"href":"https:\/\/plazajuarez.mx\/historico\/wp-json\/wp\/v2\/posts\/146830\/revisions"}],"wp:featuredmedia":[{"embeddable":true,"href":"https:\/\/plazajuarez.mx\/historico\/wp-json\/wp\/v2\/media\/146831"}],"wp:attachment":[{"href":"https:\/\/plazajuarez.mx\/historico\/wp-json\/wp\/v2\/media?parent=146830"}],"wp:term":[{"taxonomy":"category","embeddable":true,"href":"https:\/\/plazajuarez.mx\/historico\/wp-json\/wp\/v2\/categories?post=146830"},{"taxonomy":"post_tag","embeddable":true,"href":"https:\/\/plazajuarez.mx\/historico\/wp-json\/wp\/v2\/tags?post=146830"}],"curies":[{"name":"wp","href":"https:\/\/api.w.org\/{rel}","templated":true}]}}