{"id":146821,"date":"2021-01-01T21:08:31","date_gmt":"2021-01-02T03:08:31","guid":{"rendered":"https:\/\/plazajuarez.mx\/?p=146821"},"modified":"2021-01-01T21:08:44","modified_gmt":"2021-01-02T03:08:44","slug":"mexico-inicia-2021-con-mas-de-11-000-contagios-y-700-nuevas-muertes-por-covid","status":"publish","type":"post","link":"https:\/\/plazajuarez.mx\/historico\/mexico-inicia-2021-con-mas-de-11-000-contagios-y-700-nuevas-muertes-por-covid\/","title":{"rendered":"M\u00e9xico inicia 2021 con m\u00e1s de 11.000 contagios y 700 nuevas muertes por covid"},"content":{"rendered":"\n<p>El Gobierno mexicano report\u00f3 en la primera jornada del a\u00f1o 11.091 nuevos casos del coronavirus SARS-CoV-2 y 700 muertes por la covid-19 hasta totalizar 1.437.185 contagios y 126.507 fallecidos.<\/p>\n\n\n\n<p>Estas cifras implican una tasa de incidencia de 1.124,6 contagios acumulados por cada 100.000 habitantes, indic\u00f3 este viernes la Secretar\u00eda de Salud (SSa) en su comunicado t\u00e9cnico diario.<\/p>\n\n\n\n<p>Con este panorama, M\u00e9xico inicia 2021 como el cuarto pa\u00eds del mundo con m\u00e1s muertes por la pandemia, solo por debajo de Estados Unidos, Brasil y la India, seg\u00fan el recuento de la Universidad Johns Hopkins.<\/p>\n\n\n\n<p>Adem\u00e1s, de acuerdo con esta misma instituci\u00f3n, M\u00e9xico es el decimotercer pa\u00eds del mundo en cuanto a n\u00famero de contagios.<\/p>\n\n\n\n<p>El pa\u00eds tambi\u00e9n ocupa la decimotercera posici\u00f3n en muertes en proporci\u00f3n a su poblaci\u00f3n, al tener m\u00e1s de 900 por cada mill\u00f3n de habitantes.<\/p>\n\n\n\n<p>Por estado, Ciudad de M\u00e9xico concentra casi una cuarta parte del total de casos acumulados, el 23 % del total, precis\u00f3 la SSa.<\/p>\n\n\n\n<p>La capital del pa\u00eds tambi\u00e9n representa casi una de cada cinco muertes por covid-19, detall\u00f3 la dependencia.<\/p>\n\n\n\n<p>La Secretar\u00eda de Salud ha reconocido que M\u00e9xico experimenta &#8220;un segundo pico&#8221; de la pandemia por la temporada invernal, como refleja la saturaci\u00f3n hospitalaria.<\/p>\n\n\n\n<p>A nivel nacional, est\u00e1n en zona de riesgo Ciudad de M\u00e9xico con el 87 % de sus camas generales ocupadas, Estado de M\u00e9xico con 82 %, Guanajuato con 73 % y Nuevo Le\u00f3n con 71 %.<\/p>\n\n\n\n<p>En las camas con ventilador o intensivas, lidera el Estado de M\u00e9xico con 81 % de ocupaci\u00f3n y despu\u00e9s Ciudad de M\u00e9xico con 79 %.<\/p>\n\n\n\n<p>Antes del inicio de las fiestas decembrinas, el Gobierno federal, Ciudad de M\u00e9xico y su vecino Estado de M\u00e9xico decretaron alerta roja en el sem\u00e1foro epidemiol\u00f3gico de la zona metropolitana del Valle de M\u00e9xico.<\/p>\n\n\n\n<p>Esto implica el cierre de actividades no esenciales en la megal\u00f3polis de la capital del pa\u00eds.<\/p>\n\n\n\n<p>Pese a las cifras, la SSa argument\u00f3 que solo hay 79.213 casos activos a nivel nacional, lo que significa que presentan s\u00edntomas en las \u00faltimas dos semanas.<\/p>\n\n\n\n<p>Ciudad de M\u00e9xico, Estado de M\u00e9xico, Guanajuato, Nuevo Le\u00f3n y Jalisco son las entidades del pa\u00eds que representan la mayor\u00eda de la epidemia activa.<\/p>\n\n\n\n<p>Ante el aumento de contagios de las \u00faltimas semanas, las autoridades hab\u00edan pedido a los ciudadanos quedarse en casa y no celebrar reuniones ni fiestas de fin de a\u00f1o con personas o familiares que no habiten en el mismo hogar.<\/p>\n\n\n\n<p>Pero M\u00e9xico, a diferencia de otros pa\u00eds, ha rechazado medidas &#8220;autoritarias&#8221;, como confinamientos forzosos, toques de queda y uso obligatorio de cubrebocas.<\/p>\n\n\n\n<p>Este jueves, el presidente de M\u00e9xico, Andr\u00e9s Manuel L\u00f3pez Obrador prometi\u00f3 que vacunar\u00e1 contra la covid-19 a &#8220;la mayor\u00eda&#8221; de su poblaci\u00f3n vulnerable para abril de 2021 tras el arranque, hace una semana, de su campa\u00f1a masiva de vacunaci\u00f3n.<\/p>\n\n\n\n<p>El Gobierno mexicano pretende inmunizar a todos los trabajadores de la salud cuando acabe enero y a sus 130 millones de habitantes en marzo de 2022.<\/p>\n","protected":false},"excerpt":{"rendered":"<p>El Gobierno mexicano report\u00f3 en la primera jornada del a\u00f1o 11.091 nuevos casos del coronavirus SARS-CoV-2 y 700 muertes por la covid-19 hasta totalizar 1.437.185 contagios y 126.507 fallecidos. Estas cifras implican una tasa de incidencia de 1.124,6 contagios acumulados por cada 100.000 habitantes, indic\u00f3 este viernes la Secretar\u00eda de Salud (SSa) en su comunicado [&hellip;]<\/p>\n","protected":false},"author":80,"featured_media":146823,"comment_status":"closed","ping_status":"open","sticky":false,"template":"","format":"standard","meta":{"footnotes":""},"categories":[15,36],"tags":[],"class_list":["post-146821","post","type-post","status-publish","format-standard","has-post-thumbnail","hentry","category-destacadas","category-nacion"],"_links":{"self":[{"href":"https:\/\/plazajuarez.mx\/historico\/wp-json\/wp\/v2\/posts\/146821","targetHints":{"allow":["GET"]}}],"collection":[{"href":"https:\/\/plazajuarez.mx\/historico\/wp-json\/wp\/v2\/posts"}],"about":[{"href":"https:\/\/plazajuarez.mx\/historico\/wp-json\/wp\/v2\/types\/post"}],"author":[{"embeddable":true,"href":"https:\/\/plazajuarez.mx\/historico\/wp-json\/wp\/v2\/users\/80"}],"replies":[{"embeddable":true,"href":"https:\/\/plazajuarez.mx\/historico\/wp-json\/wp\/v2\/comments?post=146821"}],"version-history":[{"count":0,"href":"https:\/\/plazajuarez.mx\/historico\/wp-json\/wp\/v2\/posts\/146821\/revisions"}],"wp:featuredmedia":[{"embeddable":true,"href":"https:\/\/plazajuarez.mx\/historico\/wp-json\/wp\/v2\/media\/146823"}],"wp:attachment":[{"href":"https:\/\/plazajuarez.mx\/historico\/wp-json\/wp\/v2\/media?parent=146821"}],"wp:term":[{"taxonomy":"category","embeddable":true,"href":"https:\/\/plazajuarez.mx\/historico\/wp-json\/wp\/v2\/categories?post=146821"},{"taxonomy":"post_tag","embeddable":true,"href":"https:\/\/plazajuarez.mx\/historico\/wp-json\/wp\/v2\/tags?post=146821"}],"curies":[{"name":"wp","href":"https:\/\/api.w.org\/{rel}","templated":true}]}}