{"id":146270,"date":"2020-12-30T07:06:09","date_gmt":"2020-12-30T13:06:09","guid":{"rendered":"https:\/\/plazajuarez.mx\/?p=146270"},"modified":"2020-12-30T07:06:21","modified_gmt":"2020-12-30T13:06:21","slug":"retratos-hablados-1016","status":"publish","type":"post","link":"https:\/\/plazajuarez.mx\/historico\/retratos-hablados-1016\/","title":{"rendered":"RETRATOS HABLADOS"},"content":{"rendered":"\n<h2 class=\"wp-block-heading\"><strong>Cierre de a\u00f1o<\/strong><\/h2>\n\n\n\n<p>De lo \u00fanico que puedo estar cierto es que, cuando menos de intenci\u00f3n, nos volveremos a leer en este mismo espacio hasta el pr\u00f3ximo lunes 4 de enero, ya del 2021. Como quien dice escribo la \u00faltima columna del a\u00f1o m\u00e1s complicado y raro que me haya tocado vivir en una existencia que est\u00e1 por prolongarse a los 60 a\u00f1os en noviembre pr\u00f3ximo, si es que antes no me agarra el virus que roba el aliento.<\/p>\n\n\n\n<p>Todos los lugares ya son comunes a estas alturas del Covid-19, desde los que en un principio celebraron la \u201coportunidad\u201d de reencontrarse con la empat\u00eda, la hermandad, la belleza y otras cosas, hasta los que \u00faltimamente han decidido que ni fue oportunidad que mucho menos deriv\u00f3 en tantas cosas buenas. Es m\u00e1s, plantean que todo result\u00f3 un enga\u00f1o de los que quieren ver todo con los ojos del optimismo.<\/p>\n\n\n\n<p>Puede ser que lo que ahora venga es dejar de hablar del mentado virus, ignorarlo, cosa que al principio intentaron hacer por todos los medios las autoridades federales que consideraron que el desprecio era la mejor estrategia frente al Coronavirus.<\/p>\n\n\n\n<p>Ni la mucha atenci\u00f3n que se puso en otros pa\u00edses, ni la nula acci\u00f3n dieron los resultados esperados, de tal modo que empez\u00f3 a cumplirse la profec\u00eda aquella de que \u201cel que se va a enfermar\u2026 se va a enfermar; y el que se va a morir\u2026 se va a morir; y el que no se va a morir\u2026 pues no se va a morir\u201d.<\/p>\n\n\n\n<p>As\u00ed de simple.<\/p>\n\n\n\n<p>En el cierre del 2020, que se supon\u00eda principio de nueva d\u00e9cada y que por supuesto no lo fue, por lo que no ser\u00eda imprudente plantear la posibilidad de que se le desconozca como a\u00f1o en forma, y simplemente sea recordado como el a\u00f1o que no fue.<\/p>\n\n\n\n<p>Es decir borr\u00f3n y cuenta nueva, con todo y que eso implicar\u00eda en t\u00e9rminos reales la ampliaci\u00f3n del sexenio presidencial y del gubernamental en algunos Estados de la Rep\u00fablica.<\/p>\n\n\n\n<p>El problema radicar\u00eda en olvidar a los difuntos.<\/p>\n\n\n\n<p>Podr\u00eda ser achacada su desaparici\u00f3n a una \u201cabducci\u00f3n masiva\u201d a cargo de mal\u00e9volos extraterrestres.<\/p>\n\n\n\n<p>Bueno, es una posibilidad.<\/p>\n\n\n\n<p>El hecho es que a punto de terminar diciembre, tal vez sea tiempo de poner en marcha la estrategia para ignorar y despreciar al Covid, incluso impulsar la propuesta de que sea desconocido como autor de tant\u00edsimos fallecimientos y adjudicarlos a otra enfermedad m\u00e1s seria y con abolengo.<\/p>\n\n\n\n<p>Es muy posible que olvidado y ninguneado, nos despertemos el primer d\u00eda del 2021 con la buena nueva de que hizo sus maletas y se fue para siempre.<\/p>\n\n\n\n<p>Pero bueno, es una simple posibilidad.<\/p>\n\n\n\n<p>En tanto, celebro con usted, lector, lectora, que primero hayamos cargado a los peregrinos en la Nochebuena y Navidad, y que estemos por celebrar la \u00faltima noche del a\u00f1o. Es ganancia llegar vivos.<\/p>\n\n\n\n<p>Pero si usted perdi\u00f3 a un pariente, amigo o conocido, le abrazo con sincera solidaridad y cari\u00f1o, porque no es f\u00e1cil saber que nunca volveremos a ver a una persona que quisimos y queremos.<\/p>\n\n\n\n<p>Quiero desearle que goce de buena salud en el 2021, que lo dem\u00e1s vendr\u00e1 por a\u00f1adidura. Que aprendamos a gozar cada d\u00eda con las ansias del que sabe la fecha en que partir\u00e1 de este mundo, y por lo tanto incluir\u00e1 demostrar amor a sus semejantes.<\/p>\n\n\n\n<p>Nos volvemos a leer el lunes 4 de enero.<\/p>\n\n\n\n<p><strong><\/strong><strong>Mil gracias, hasta entonces.<\/strong><\/p>\n\n\n\n<p><a href=\"mailto:jeperalta@plazajuarez.mx\/historico\/historico\">jeperalta@plazajuarez.mx\/historico\/historico<\/a><\/p>\n\n\n\n<p>@JavierEPeralta<\/p>\n","protected":false},"excerpt":{"rendered":"<p>Cierre de a\u00f1o De lo \u00fanico que puedo estar cierto es que, cuando menos de intenci\u00f3n, nos volveremos a leer en este mismo espacio hasta el pr\u00f3ximo lunes 4 de enero, ya del 2021. Como quien dice escribo la \u00faltima columna del a\u00f1o m\u00e1s complicado y raro que me haya tocado vivir en una existencia [&hellip;]<\/p>\n","protected":false},"author":10,"featured_media":0,"comment_status":"closed","ping_status":"open","sticky":false,"template":"","format":"standard","meta":{"footnotes":""},"categories":[49,42],"tags":[],"class_list":["post-146270","post","type-post","status-publish","format-standard","hentry","category-javier-peralta","category-nuestrapalabra"],"_links":{"self":[{"href":"https:\/\/plazajuarez.mx\/historico\/wp-json\/wp\/v2\/posts\/146270","targetHints":{"allow":["GET"]}}],"collection":[{"href":"https:\/\/plazajuarez.mx\/historico\/wp-json\/wp\/v2\/posts"}],"about":[{"href":"https:\/\/plazajuarez.mx\/historico\/wp-json\/wp\/v2\/types\/post"}],"author":[{"embeddable":true,"href":"https:\/\/plazajuarez.mx\/historico\/wp-json\/wp\/v2\/users\/10"}],"replies":[{"embeddable":true,"href":"https:\/\/plazajuarez.mx\/historico\/wp-json\/wp\/v2\/comments?post=146270"}],"version-history":[{"count":0,"href":"https:\/\/plazajuarez.mx\/historico\/wp-json\/wp\/v2\/posts\/146270\/revisions"}],"wp:attachment":[{"href":"https:\/\/plazajuarez.mx\/historico\/wp-json\/wp\/v2\/media?parent=146270"}],"wp:term":[{"taxonomy":"category","embeddable":true,"href":"https:\/\/plazajuarez.mx\/historico\/wp-json\/wp\/v2\/categories?post=146270"},{"taxonomy":"post_tag","embeddable":true,"href":"https:\/\/plazajuarez.mx\/historico\/wp-json\/wp\/v2\/tags?post=146270"}],"curies":[{"name":"wp","href":"https:\/\/api.w.org\/{rel}","templated":true}]}}