{"id":146129,"date":"2020-12-29T06:00:00","date_gmt":"2020-12-29T12:00:00","guid":{"rendered":"https:\/\/plazajuarez.mx\/?p=146129"},"modified":"2020-12-28T22:34:48","modified_gmt":"2020-12-29T04:34:48","slug":"avanza-unideh-en-objetivo-de-ofrecer-educacion-a-distancia","status":"publish","type":"post","link":"https:\/\/plazajuarez.mx\/historico\/avanza-unideh-en-objetivo-de-ofrecer-educacion-a-distancia\/","title":{"rendered":"AVANZA UNIDEH EN OBJETIVO DE OFRECER EDUCACI\u00d3N A DISTANCIA"},"content":{"rendered":"\n<p>A tres a\u00f1os de su creaci\u00f3n, la Universidad Digital del Estado de Hidalgo (Unideh) ya cuenta con dos generaciones de egresados de la Maestr\u00eda en Ense\u00f1anza de las Ciencias y la matr\u00edcula de los programas educativos ha crecido en gran medida.&nbsp;<\/p>\n\n\n\n<p>La directora general de la Unideh, Ana Elisa L\u00f3pez Santill\u00e1n, inform\u00f3 que de este proyecto educativo creado por la administraci\u00f3n del gobernador Omar Fayad, ya son 19 los t\u00edtulos que se encuentran en tr\u00e1mite, correspondientes a las dos primeras generaciones de posgrado, adem\u00e1s de que en abril del siguiente a\u00f1o egresar\u00e1 la primera generaci\u00f3n de los programas educativos, cuyos alumnos se encuentran cerrando el noveno cuatrimestre.<\/p>\n\n\n\n<p>Ana Elisa L\u00f3pez resalt\u00f3 que el 93 por ciento de la matr\u00edcula es de origen hidalguense, el 7% restante es de otras entidades e incluso vive en el extranjero.<\/p>\n\n\n\n<p>En este sentido, L\u00f3pez Santill\u00e1n destac\u00f3 que recientemente se firm\u00f3 un acuerdo de colaboraci\u00f3n con el municipio de San Agust\u00edn Metzquititl\u00e1n para la instalaci\u00f3n de un CADU.<\/p>\n","protected":false},"excerpt":{"rendered":"<p>A tres a\u00f1os de su creaci\u00f3n, la Universidad Digital del Estado de Hidalgo (Unideh) ya cuenta con dos generaciones de egresados de la Maestr\u00eda en Ense\u00f1anza de las Ciencias y la matr\u00edcula de los programas educativos ha crecido en gran medida.&nbsp; La directora general de la Unideh, Ana Elisa L\u00f3pez Santill\u00e1n, inform\u00f3 que de este [&hellip;]<\/p>\n","protected":false},"author":93,"featured_media":146136,"comment_status":"closed","ping_status":"open","sticky":false,"template":"","format":"standard","meta":{"footnotes":""},"categories":[59],"tags":[],"class_list":["post-146129","post","type-post","status-publish","format-standard","has-post-thumbnail","hentry","category-general"],"_links":{"self":[{"href":"https:\/\/plazajuarez.mx\/historico\/wp-json\/wp\/v2\/posts\/146129","targetHints":{"allow":["GET"]}}],"collection":[{"href":"https:\/\/plazajuarez.mx\/historico\/wp-json\/wp\/v2\/posts"}],"about":[{"href":"https:\/\/plazajuarez.mx\/historico\/wp-json\/wp\/v2\/types\/post"}],"author":[{"embeddable":true,"href":"https:\/\/plazajuarez.mx\/historico\/wp-json\/wp\/v2\/users\/93"}],"replies":[{"embeddable":true,"href":"https:\/\/plazajuarez.mx\/historico\/wp-json\/wp\/v2\/comments?post=146129"}],"version-history":[{"count":0,"href":"https:\/\/plazajuarez.mx\/historico\/wp-json\/wp\/v2\/posts\/146129\/revisions"}],"wp:featuredmedia":[{"embeddable":true,"href":"https:\/\/plazajuarez.mx\/historico\/wp-json\/wp\/v2\/media\/146136"}],"wp:attachment":[{"href":"https:\/\/plazajuarez.mx\/historico\/wp-json\/wp\/v2\/media?parent=146129"}],"wp:term":[{"taxonomy":"category","embeddable":true,"href":"https:\/\/plazajuarez.mx\/historico\/wp-json\/wp\/v2\/categories?post=146129"},{"taxonomy":"post_tag","embeddable":true,"href":"https:\/\/plazajuarez.mx\/historico\/wp-json\/wp\/v2\/tags?post=146129"}],"curies":[{"name":"wp","href":"https:\/\/api.w.org\/{rel}","templated":true}]}}