{"id":146127,"date":"2020-12-29T06:00:00","date_gmt":"2020-12-29T12:00:00","guid":{"rendered":"https:\/\/plazajuarez.mx\/?p=146127"},"modified":"2020-12-28T22:32:10","modified_gmt":"2020-12-29T04:32:10","slug":"alfil-negro-1990","status":"publish","type":"post","link":"https:\/\/plazajuarez.mx\/historico\/alfil-negro-1990\/","title":{"rendered":"ALFIL NEGRO"},"content":{"rendered":"\n<h2 class=\"wp-block-heading\">LAS VACUNAS<\/h2>\n\n\n\n<p>M\u00e9xico y el mundo le apuestan a la vacuna contra el Covid 19 como la \u00fanica puerta de salida a este problema, y adem\u00e1s con raz\u00f3n, porque en este momento parece la gran soluci\u00f3n a esta pandemia.<\/p>\n\n\n\n<p>Pero vivimos un tiempo tan enrarecido y convulso en nuestro pa\u00eds, de tal enfrentamiento y confrontaci\u00f3n, que tal parece que nada de lo que se haga se acepta como medida s\u00f3lo para curar o frenar esta pandemia, sino que en todo se ven segundas intenciones y prop\u00f3sitos como se dice en la frase &#8220;nadie da pasos sin huarache&#8221;, o sea que todos buscan alguna ganancia y convierte las mejores acciones en r\u00edo revuelto para ganancia de pescadores.<\/p>\n\n\n\n<p>Que la vacuna es una soluci\u00f3n, parece algo que todos aceptan, pero el problema viene en su manejo que no debiera tener ning\u00fan problema, pero los tiene y grandes.<\/p>\n\n\n\n<p>El problema inicia desde su compra, porque en opini\u00f3n de funcionarios del gobierno federal como L\u00f3pez Gatell, esto le corresponde por ley y sentido com\u00fan al gobierno federal y dijo que la compra por los estados o empresas privadas no era posible y calific\u00f3 estas actitudes de querer comprar vacunas de parte de algunos estados como no racional y m\u00e1s por ego\u00edsmo y por tiempos electorales.<\/p>\n\n\n\n<p>Quiz\u00e1 fue el primero en hablar de la vacuna como argumento electoral y prendi\u00f3 la mecha en este asunto.<\/p>\n\n\n\n<p>Porque entonces el tema confronta no a Gatell sino al Presidente con voces opositoras, en que fue se\u00f1alado de querer acaparar la vacuna en compra y distribuci\u00f3n como esquema de propaganda, para querer pasar como la mano que cur\u00f3 a M\u00e9xico de este virus y poder cobrar el reconocimiento en votos en el 2021.<\/p>\n\n\n\n<p>Como que no hab\u00eda necesidad de este hecho.<\/p>\n\n\n\n<p>Hace unas horas el Presidente dijo que tanto las empresas privadas como los gobiernos estatales pueden comprar la vacuna para aplicarlas en las entidades federativas que as\u00ed lo decidan, y en cuanto a las empresas para comercializarlas.<\/p>\n\n\n\n<p>Desde luego es obvio el rev\u00e9s a L\u00f3pez Gatell.<\/p>\n\n\n\n<p>Pero faltaba algo m\u00e1s. Las empresas una vez que se enteraron de que pod\u00edan comprar y comercializar la vacuna, avisaron que nunca hablaron de comprar directamente la vacuna sino que estaban y est\u00e1n dispuestos a colaborar con el plan de vacunaci\u00f3n en cuesti\u00f3n de log\u00edstica, en su plantaci\u00f3n y desde luego en su financiamiento.<\/p>\n\n\n\n<p>Los hechos dicen que quien prendi\u00f3 la lumbre fue Gatell y que el Presidente evalu\u00f3 la situaci\u00f3n y seguramente vio que era necesaria la mano del sector privado y de los gobiernos estatales para llevar a buen puerto la vacunaci\u00f3n.<\/p>\n\n\n\n<p>Pero por lo que se ve hay gente que act\u00faa pensando en sus parcelas, no en las de M\u00e9xico ni en las responsabilidades del Presidente.<\/p>\n\n\n\n<p>Lo mejor de todo es que ya empezaron a llegar las vacunas y que se va aclarando el panorama en que por encima de otros intereses, est\u00e1 la salud de los mexicanos.<\/p>\n\n\n\n<p>La cuesti\u00f3n ahora es, \u00bfy cu\u00e1ndo nos tocar\u00e1 la vacuna?.<\/p>\n","protected":false},"excerpt":{"rendered":"<p>LAS VACUNAS M\u00e9xico y el mundo le apuestan a la vacuna contra el Covid 19 como la \u00fanica puerta de salida a este problema, y adem\u00e1s con raz\u00f3n, porque en este momento parece la gran soluci\u00f3n a esta pandemia. Pero vivimos un tiempo tan enrarecido y convulso en nuestro pa\u00eds, de tal enfrentamiento y confrontaci\u00f3n, [&hellip;]<\/p>\n","protected":false},"author":83,"featured_media":0,"comment_status":"closed","ping_status":"open","sticky":false,"template":"","format":"standard","meta":{"footnotes":""},"categories":[48,42],"tags":[],"class_list":["post-146127","post","type-post","status-publish","format-standard","hentry","category-adalberto-peralta","category-nuestrapalabra"],"_links":{"self":[{"href":"https:\/\/plazajuarez.mx\/historico\/wp-json\/wp\/v2\/posts\/146127","targetHints":{"allow":["GET"]}}],"collection":[{"href":"https:\/\/plazajuarez.mx\/historico\/wp-json\/wp\/v2\/posts"}],"about":[{"href":"https:\/\/plazajuarez.mx\/historico\/wp-json\/wp\/v2\/types\/post"}],"author":[{"embeddable":true,"href":"https:\/\/plazajuarez.mx\/historico\/wp-json\/wp\/v2\/users\/83"}],"replies":[{"embeddable":true,"href":"https:\/\/plazajuarez.mx\/historico\/wp-json\/wp\/v2\/comments?post=146127"}],"version-history":[{"count":0,"href":"https:\/\/plazajuarez.mx\/historico\/wp-json\/wp\/v2\/posts\/146127\/revisions"}],"wp:attachment":[{"href":"https:\/\/plazajuarez.mx\/historico\/wp-json\/wp\/v2\/media?parent=146127"}],"wp:term":[{"taxonomy":"category","embeddable":true,"href":"https:\/\/plazajuarez.mx\/historico\/wp-json\/wp\/v2\/categories?post=146127"},{"taxonomy":"post_tag","embeddable":true,"href":"https:\/\/plazajuarez.mx\/historico\/wp-json\/wp\/v2\/tags?post=146127"}],"curies":[{"name":"wp","href":"https:\/\/api.w.org\/{rel}","templated":true}]}}