{"id":146125,"date":"2020-12-29T06:00:00","date_gmt":"2020-12-29T12:00:00","guid":{"rendered":"https:\/\/plazajuarez.mx\/?p=146125"},"modified":"2020-12-28T22:33:36","modified_gmt":"2020-12-29T04:33:36","slug":"laguna-de-voces-693","status":"publish","type":"post","link":"https:\/\/plazajuarez.mx\/historico\/laguna-de-voces-693\/","title":{"rendered":"LAGUNA DE VOCES"},"content":{"rendered":"\n<h2 class=\"wp-block-heading\">Adi\u00f3s a nuestros recuerdos<\/h2>\n\n\n\n<p>Tanta muerte dif\u00edcilmente puede dejar algo bueno en los seres humanos. Por el contrario, la constante tristeza de que m\u00e1s y m\u00e1s conocidos se agreguen a la lista de difuntos acaba por vencer las resistencias que ten\u00edamos a la tristeza, a la profunda certeza de que en cualquier momento podemos ser los que ser\u00e1n noticia en pl\u00e1ticas familiares y de conocidos que hablar\u00e1n de si nos ve\u00edamos fuertes, si no \u00e9ramos tan viejos, si hasta donde sab\u00edan no carg\u00e1bamos con ninguna enfermedad grave. Pero al final\u00a0 de cuentas tendr\u00e1 que venir el olvido, porque en tiempos de absoluta emergencia y miedo, solo quedan ganas para intentar escap\u00e1rsele a la muerte.<\/p>\n\n\n\n<p>Est\u00e1bamos acostumbrados a que cualquier tragedia durara lo que ten\u00eda que durar, es decir una semana en las televisoras y los peri\u00f3dicos de papel y de humo, pero nunca a meses y meses. Lo m\u00e1s cercano que hab\u00edamos visto en los libros de historia era una guerra, de esas que llevaron por calificativo que eran mundiales. El asunto es que en esos trances existi\u00f3 un enemigo real, no este que es invisible pero que mata con igual o mayor contundencia.<\/p>\n\n\n\n<p>Despu\u00e9s de meses y meses en que no faltaron los expertos en la motivaci\u00f3n personal y en ver con ojos de amor todo lo sucedido porque nos har\u00eda mejores personas, lo que hoy vemos es una realidad que a estas alturas nadie puede criticar o condenar, porque para intentar los cambios buenos primero es preciso vivir. Muerto nadie sabe hasta el momento lo que pase.<\/p>\n\n\n\n<p>Hay no solo miedo sino una tendencia real a ensayar el sue\u00f1o eterno, a reconocer que por razones que a ciencia cierta no entendemos, a unos les va como en feria y a otros no, el virus los mira de lejos y simplemente decide dejarlos en paz. Los misterios de siempre.<\/p>\n\n\n\n<p>Pas\u00f3 la Nochebuena y la Navidad. D\u00eda con d\u00eda nos descubrimos desvalidos en un planeta que no descansa en el espanto, y que ya ve en el horizonte a un virus mutante y m\u00e1s cruel que el otro, ese que apenas empez\u00e1bamos a conocer y reconocer.<\/p>\n\n\n\n<p>\u00bfEsta ser\u00e1 la nueva normalidad? \u00bfLa que incluir\u00e1 para siempre la sospecha si quien est\u00e1 a mi lado no se habr\u00e1 contagiado del Covid-19, del 19 remasterizado, del 19 recargado?<\/p>\n\n\n\n<p>\u00bfPero y luego?<\/p>\n\n\n\n<p>Irnos a las monta\u00f1as y reiniciar la historia, empezar por un principio en que resultaba m\u00e1s sencillo achacar todo a un Dios mal\u00e9volo, igual que a otro dotarlo de autoridad sobre la lluvia y las tormentas.<\/p>\n\n\n\n<p>Algo raro sucede desde hace a\u00f1os en el planeta, que la muerte democr\u00e1tica y pareja barre parejo, no da cuartel, no acepta otorgar perd\u00f3n.<\/p>\n\n\n\n<p>El hecho es que buena parte del escenario en que crecimos ha desaparecido sin que nos demos cuenta. Resulta curioso que la muerte de un compositor como Armando Manzanero, haya sido la \u00fanica vez que el Presidente L\u00f3pez Obrador se haya conmovido tanto que suspendiera una conferencia de prensa matutina. Algo en su escenario particular se derrumb\u00f3 y le hizo comprender que lo mismo sucede y lastima a miles y miles de mexicanos.<\/p>\n\n\n\n<p>Eso es lo que m\u00e1s duele, lo que nos hace condolernos de nosotros mismos.<\/p>\n\n\n\n<p>A estas alturas cada cual ya perdi\u00f3 a un personaje favorito en su existencia, no solo un pariente o amigo, sino aquel que con su voz, sus historias o sus canciones, nos vio caminar los primeros pasos en la b\u00fasqueda eterna de la mujer que deseamos amar hasta la eternidad, de aquella persona que juramos nos acompa\u00f1ar\u00eda hasta el mism\u00edsimo fin de la eternidad, como el libro de Asimov.<\/p>\n\n\n\n<p>Mil gracias, hasta ma\u00f1ana.<\/p>\n\n\n\n<p><a href=\"mailto:jeperalta@plazajuarez.mx\/historico\/historico\">jeperalta@plazajuarez.mx\/historico\/historico<\/a><\/p>\n\n\n\n<p>@JavierEPeralta<\/p>\n","protected":false},"excerpt":{"rendered":"<p>Adi\u00f3s a nuestros recuerdos Tanta muerte dif\u00edcilmente puede dejar algo bueno en los seres humanos. Por el contrario, la constante tristeza de que m\u00e1s y m\u00e1s conocidos se agreguen a la lista de difuntos acaba por vencer las resistencias que ten\u00edamos a la tristeza, a la profunda certeza de que en cualquier momento podemos ser [&hellip;]<\/p>\n","protected":false},"author":10,"featured_media":0,"comment_status":"closed","ping_status":"open","sticky":false,"template":"","format":"standard","meta":{"footnotes":""},"categories":[49,42],"tags":[],"class_list":["post-146125","post","type-post","status-publish","format-standard","hentry","category-javier-peralta","category-nuestrapalabra"],"_links":{"self":[{"href":"https:\/\/plazajuarez.mx\/historico\/wp-json\/wp\/v2\/posts\/146125","targetHints":{"allow":["GET"]}}],"collection":[{"href":"https:\/\/plazajuarez.mx\/historico\/wp-json\/wp\/v2\/posts"}],"about":[{"href":"https:\/\/plazajuarez.mx\/historico\/wp-json\/wp\/v2\/types\/post"}],"author":[{"embeddable":true,"href":"https:\/\/plazajuarez.mx\/historico\/wp-json\/wp\/v2\/users\/10"}],"replies":[{"embeddable":true,"href":"https:\/\/plazajuarez.mx\/historico\/wp-json\/wp\/v2\/comments?post=146125"}],"version-history":[{"count":0,"href":"https:\/\/plazajuarez.mx\/historico\/wp-json\/wp\/v2\/posts\/146125\/revisions"}],"wp:attachment":[{"href":"https:\/\/plazajuarez.mx\/historico\/wp-json\/wp\/v2\/media?parent=146125"}],"wp:term":[{"taxonomy":"category","embeddable":true,"href":"https:\/\/plazajuarez.mx\/historico\/wp-json\/wp\/v2\/categories?post=146125"},{"taxonomy":"post_tag","embeddable":true,"href":"https:\/\/plazajuarez.mx\/historico\/wp-json\/wp\/v2\/tags?post=146125"}],"curies":[{"name":"wp","href":"https:\/\/api.w.org\/{rel}","templated":true}]}}