{"id":146122,"date":"2020-12-29T06:00:00","date_gmt":"2020-12-29T12:00:00","guid":{"rendered":"https:\/\/plazajuarez.mx\/?p=146122"},"modified":"2020-12-28T22:26:08","modified_gmt":"2020-12-29T04:26:08","slug":"decretan-derecho-a-la-movilidad-y-a-seguridad-vial","status":"publish","type":"post","link":"https:\/\/plazajuarez.mx\/historico\/decretan-derecho-a-la-movilidad-y-a-seguridad-vial\/","title":{"rendered":"Decretan derecho a la movilidad y a seguridad vial"},"content":{"rendered":"\n<p>El pasado 18 de diciembre se public\u00f3 en el Diario Oficial de la Federaci\u00f3n el Decreto en el que se declaran reformadas diversas disposiciones de la Constituci\u00f3n Pol\u00edtica de los Estados Unidos Mexicanos, en materia de movilidad y seguridad vial; entre las que destaca: el derecho constitucional de las personas a la movilidad en condiciones de seguridad vial, accesibilidad, eficiencia, sostenibilidad, calidad, inclusi\u00f3n e igualdad.<\/p>\n\n\n\n<p>Jos\u00e9 Luis Guevara Mu\u00f1oz, Secretario de Movilidad y Transporte, se\u00f1al\u00f3 que \u00e9sta reforma es bienvenida en Hidalgo, y destac\u00f3 que la entidad lleva cuatro a\u00f1os prepar\u00e1ndose para ello, desde el inicio de la administraci\u00f3n del gobernador Omar Fayad Meneses, con la visi\u00f3n vanguardista que lo caracteriza, se emprendieron acciones en la materia, como fue la creaci\u00f3n de la Secretar\u00eda de Movilidad y Transporte (SEMOT).<\/p>\n\n\n\n<p>Ante tal hecho, Hidalgo requer\u00eda de una nueva normatividad, por lo que el jefe del ejecutivo estatal envi\u00f3 la iniciativa de ley de Movilidad y Transporte al Congreso del Estado, aprobada por unanimidad el 30 de julio del 2018; la m\u00e1s moderna del pa\u00eds, de la cual emana su nuevo reglamento, avalado y enriquecido con la participaci\u00f3n ciudadana.<\/p>\n","protected":false},"excerpt":{"rendered":"<p>El pasado 18 de diciembre se public\u00f3 en el Diario Oficial de la Federaci\u00f3n el Decreto en el que se declaran reformadas diversas disposiciones de la Constituci\u00f3n Pol\u00edtica de los Estados Unidos Mexicanos, en materia de movilidad y seguridad vial; entre las que destaca: el derecho constitucional de las personas a la movilidad en condiciones [&hellip;]<\/p>\n","protected":false},"author":93,"featured_media":0,"comment_status":"closed","ping_status":"open","sticky":false,"template":"","format":"standard","meta":{"footnotes":""},"categories":[15,59],"tags":[],"class_list":["post-146122","post","type-post","status-publish","format-standard","hentry","category-destacadas","category-general"],"_links":{"self":[{"href":"https:\/\/plazajuarez.mx\/historico\/wp-json\/wp\/v2\/posts\/146122","targetHints":{"allow":["GET"]}}],"collection":[{"href":"https:\/\/plazajuarez.mx\/historico\/wp-json\/wp\/v2\/posts"}],"about":[{"href":"https:\/\/plazajuarez.mx\/historico\/wp-json\/wp\/v2\/types\/post"}],"author":[{"embeddable":true,"href":"https:\/\/plazajuarez.mx\/historico\/wp-json\/wp\/v2\/users\/93"}],"replies":[{"embeddable":true,"href":"https:\/\/plazajuarez.mx\/historico\/wp-json\/wp\/v2\/comments?post=146122"}],"version-history":[{"count":0,"href":"https:\/\/plazajuarez.mx\/historico\/wp-json\/wp\/v2\/posts\/146122\/revisions"}],"wp:attachment":[{"href":"https:\/\/plazajuarez.mx\/historico\/wp-json\/wp\/v2\/media?parent=146122"}],"wp:term":[{"taxonomy":"category","embeddable":true,"href":"https:\/\/plazajuarez.mx\/historico\/wp-json\/wp\/v2\/categories?post=146122"},{"taxonomy":"post_tag","embeddable":true,"href":"https:\/\/plazajuarez.mx\/historico\/wp-json\/wp\/v2\/tags?post=146122"}],"curies":[{"name":"wp","href":"https:\/\/api.w.org\/{rel}","templated":true}]}}