{"id":146061,"date":"2020-12-28T06:00:00","date_gmt":"2020-12-28T12:00:00","guid":{"rendered":"https:\/\/plazajuarez.mx\/?p=146061"},"modified":"2020-12-27T23:37:02","modified_gmt":"2020-12-28T05:37:02","slug":"continuan-operativos-en-la-entrada-a-real-del-monte","status":"publish","type":"post","link":"https:\/\/plazajuarez.mx\/historico\/continuan-operativos-en-la-entrada-a-real-del-monte\/","title":{"rendered":"Contin\u00faan operativos en la entrada a Real del Monte"},"content":{"rendered":"\n<p>A trav\u00e9s de sus redes sociales, el ayuntamiento de Mineral del Monte que preside Alejandro Sierra Tello inform\u00f3 la instalaci\u00f3n y seguimiento de los filtros sanitarios colocados en las distintas entradas al municipio por lo que agradeci\u00f3 la comprensi\u00f3n de los habitantes y visitantes ante la situaci\u00f3n de emergencia que tiene por objetivo disminuir los contagios por Covid-19.<\/p>\n\n\n\n<p>\u201cDamos cumplimiento a las indicaciones del sector salud federal y estatal, para contener el contagio de Covid-19 y preservar la salud de todos los realmontenses\u201d, as\u00ed mismo apunt\u00f3 que el tema de la obra p\u00fablica en el municipio no se detendr\u00e1 por lo que pronto habr\u00e1 resultados para los pobladores del municipio que cuenta con denominativo de Pueblo M\u00e1gico.<\/p>\n","protected":false},"excerpt":{"rendered":"<p>A trav\u00e9s de sus redes sociales, el ayuntamiento de Mineral del Monte que preside Alejandro Sierra Tello inform\u00f3 la instalaci\u00f3n y seguimiento de los filtros sanitarios colocados en las distintas entradas al municipio por lo que agradeci\u00f3 la comprensi\u00f3n de los habitantes y visitantes ante la situaci\u00f3n de emergencia que tiene por objetivo disminuir los [&hellip;]<\/p>\n","protected":false},"author":93,"featured_media":146038,"comment_status":"closed","ping_status":"open","sticky":false,"template":"","format":"standard","meta":{"footnotes":""},"categories":[40],"tags":[],"class_list":["post-146061","post","type-post","status-publish","format-standard","has-post-thumbnail","hentry","category-region"],"_links":{"self":[{"href":"https:\/\/plazajuarez.mx\/historico\/wp-json\/wp\/v2\/posts\/146061","targetHints":{"allow":["GET"]}}],"collection":[{"href":"https:\/\/plazajuarez.mx\/historico\/wp-json\/wp\/v2\/posts"}],"about":[{"href":"https:\/\/plazajuarez.mx\/historico\/wp-json\/wp\/v2\/types\/post"}],"author":[{"embeddable":true,"href":"https:\/\/plazajuarez.mx\/historico\/wp-json\/wp\/v2\/users\/93"}],"replies":[{"embeddable":true,"href":"https:\/\/plazajuarez.mx\/historico\/wp-json\/wp\/v2\/comments?post=146061"}],"version-history":[{"count":0,"href":"https:\/\/plazajuarez.mx\/historico\/wp-json\/wp\/v2\/posts\/146061\/revisions"}],"wp:featuredmedia":[{"embeddable":true,"href":"https:\/\/plazajuarez.mx\/historico\/wp-json\/wp\/v2\/media\/146038"}],"wp:attachment":[{"href":"https:\/\/plazajuarez.mx\/historico\/wp-json\/wp\/v2\/media?parent=146061"}],"wp:term":[{"taxonomy":"category","embeddable":true,"href":"https:\/\/plazajuarez.mx\/historico\/wp-json\/wp\/v2\/categories?post=146061"},{"taxonomy":"post_tag","embeddable":true,"href":"https:\/\/plazajuarez.mx\/historico\/wp-json\/wp\/v2\/tags?post=146061"}],"curies":[{"name":"wp","href":"https:\/\/api.w.org\/{rel}","templated":true}]}}