{"id":146027,"date":"2020-12-28T06:00:00","date_gmt":"2020-12-28T12:00:00","guid":{"rendered":"https:\/\/plazajuarez.mx\/?p=146027"},"modified":"2020-12-27T23:17:12","modified_gmt":"2020-12-28T05:17:12","slug":"de-cuerpo-entero-30","status":"publish","type":"post","link":"https:\/\/plazajuarez.mx\/historico\/de-cuerpo-entero-30\/","title":{"rendered":"DE CUERPO ENTERO"},"content":{"rendered":"\n<h2 class=\"wp-block-heading\"><strong>\u00bfY si todo fuera un sue\u00f1o?<\/strong><\/h2>\n\n\n\n<p>En 1995, el premio Nobel, Jos\u00e9 Saramago, sorprendi\u00f3 con una novela muy sui generis: \u201cEnsayo sobre la Ceguera\u201d, donde retrata el comportamiento de una sociedad ante una pandemia de la ceguera y el hecho de que todos pierden la vista en un contagio que se da tan solo despu\u00e9s de ver a los primeros ciegos; todo se da en cascada porque la multiplicaci\u00f3n de invidentes se hace tan veloz como el Covid-19 de nuestros tiempos.\u00a0<\/p>\n\n\n\n<p>Aflora el ego\u00edsmo y el instinto de supervivencia de tal manera que el homicidio es un evento constante, los valores se pierden y un d\u00eda, sin causa aparente, todos recuperan la vista, descubriendo los inframundos a los que han descendido, y que finalmente la vida sigue igual.<\/p>\n\n\n\n<p><strong>\u00bfY no ser\u00e1 que todo ha sido un sue\u00f1o y que estamos por despertar?<\/strong><\/p>\n\n\n\n<p>Siempre ante lo violento de la vida deseamos con vehemencia que se trate solo de un sue\u00f1o, que la enfermedad no exista, que el accidente nunca haya ocurrido y que no nos hagamos viejos.<\/p>\n\n\n\n<p>Her\u00e1clito, fil\u00f3sofo presocr\u00e1tico, afirmaba que, aunque sea el mismo r\u00edo, nunca nos ba\u00f1amos en el mismo; y es as\u00ed que la vida es la misma con sus d\u00edas y sus noches, con sus estaciones y sus vientos, pero nosotros no somos los mismos. La pandemia como en la obra de Saramago nos ha desnudado en el mismo r\u00edo, aflorando ego\u00edsmos, envidias y mezquindades; sin embargo, tambi\u00e9n aparecieron las buenas acciones y la acci\u00f3n solidaria de muchos.<\/p>\n\n\n\n<p><strong>\u00bfY si despertamos y todo es diferente?<\/strong><\/p>\n\n\n\n<ul class=\"wp-block-list\"><li>Que el presidente L\u00f3pez Obrador anda como loco por las calles recomendando el uso de cubrebocas.<\/li><li>Que con \u00e1nimo resuelto y con talla indeleble de estadista decidi\u00f3 cancelar sus obras magnas: Aeropuerto de Santa Luc\u00eda, Tren Maya y Refiner\u00eda Dos Bocas, destinando estos recursos a los millones de personas que la pasan mal por esta pandemia, sosteniendo que el dinero es finalmente de los mexicanos.<\/li><li>Que ha decidido no cobrar los recibos de luz a los mexicanos por seis meses para abonar en la recuperaci\u00f3n de todos.<\/li><li>Que en un af\u00e1n nunca visto, baj\u00f3 30 por ciento el precio de la gasolina, y que con determinaci\u00f3n ha dicho que no le importa que se haya gastado el 25 por ciento del producto interno bruto, porque ahora es cuando debe usarse sin pichicater\u00edas.<\/li><li>Que ha cancelado las conferencias ma\u00f1aneras, y dedica todo su empe\u00f1o presidiendo el \u201cConsejo de Salubridad General\u201d, de donde emanan las recomendaciones y acciones necesarias en estos tiempos de muerte.<\/li><li>Que ha cambiado al Subsecretario de salud Hugo L\u00f3pez Gatell, aduciendo que ha bordado mucho en el espacio y que ya hasta perdi\u00f3 el piso.<\/li><li>Que el Preciso ha decidido no usar m\u00e1s vuelos comerciales por el riesgo que genera a los dem\u00e1s pasajeros, y que por el bien de todos reducir\u00e1 los viajes, y cuando lo haga usar\u00e1 un avi\u00f3n como el que destin\u00f3 para ir a Bolivia por Evo Morales.<\/li><li>Que ha decidido, bajo promesa escrita, dejar a un lado eso de neoliberales, conservadores, fif\u00eds y cuarta transformaci\u00f3n, porque asegura que los hechos hablan m\u00e1s que las palabras.<\/li><li>Que con voz entrecortada ha resuelto no inmiscuirse en procesos electorales, y jura respetar al INE como a la vida misma.<\/li><li>Que a todos los Secretarios floreros les dar\u00e1 sus espacios que merecen, sin estar decidiendo por ellos.<\/li><li>Que escuchando aplausos del respetable y ha sostenido que ya no echar\u00e1 la culpa a los gobernantes pasados, pero que ser\u00e1n enjuiciados ahora s\u00ed todos los malandrines de antes y de ahora, incluyendo a sus familiares.<\/li><\/ul>\n\n\n\n<p><strong><em>\u00bfQu\u00e9 es la vida? Un frenes\u00ed.<\/em><\/strong><strong><em><br><\/em><\/strong><strong><em>\u00bfQu\u00e9 es la vida? Una ilusi\u00f3n,<\/em><\/strong><strong><em><br><\/em><\/strong><strong><em>una sombra, una ficci\u00f3n,<\/em><\/strong><strong><em><br><\/em><\/strong><strong><em>y el mayor bien es peque\u00f1o;<\/em><\/strong><strong><em><br><\/em><\/strong><strong><em>que toda la vida es sue\u00f1o,<\/em><\/strong><strong><em><br><\/em><\/strong><strong><em>y los sue\u00f1os, sue\u00f1os son.<\/em><\/strong><\/p>\n\n\n\n<p><strong><em>Calder\u00f3n de la Barca.<\/em><\/strong><\/p>\n\n\n\n<p>No s\u00e9 si es un sue\u00f1o del que despertamos, o d\u00eda de los Santos inocentes, pero s\u00ed me queda claro que lo so\u00f1amos todos.<\/p>\n","protected":false},"excerpt":{"rendered":"<p>\u00bfY si todo fuera un sue\u00f1o? En 1995, el premio Nobel, Jos\u00e9 Saramago, sorprendi\u00f3 con una novela muy sui generis: \u201cEnsayo sobre la Ceguera\u201d, donde retrata el comportamiento de una sociedad ante una pandemia de la ceguera y el hecho de que todos pierden la vista en un contagio que se da tan solo despu\u00e9s [&hellip;]<\/p>\n","protected":false},"author":91,"featured_media":0,"comment_status":"closed","ping_status":"open","sticky":false,"template":"","format":"standard","meta":{"footnotes":""},"categories":[82,42],"tags":[],"class_list":["post-146027","post","type-post","status-publish","format-standard","hentry","category-dr-antonio-peralta-sanchez","category-nuestrapalabra"],"_links":{"self":[{"href":"https:\/\/plazajuarez.mx\/historico\/wp-json\/wp\/v2\/posts\/146027","targetHints":{"allow":["GET"]}}],"collection":[{"href":"https:\/\/plazajuarez.mx\/historico\/wp-json\/wp\/v2\/posts"}],"about":[{"href":"https:\/\/plazajuarez.mx\/historico\/wp-json\/wp\/v2\/types\/post"}],"author":[{"embeddable":true,"href":"https:\/\/plazajuarez.mx\/historico\/wp-json\/wp\/v2\/users\/91"}],"replies":[{"embeddable":true,"href":"https:\/\/plazajuarez.mx\/historico\/wp-json\/wp\/v2\/comments?post=146027"}],"version-history":[{"count":0,"href":"https:\/\/plazajuarez.mx\/historico\/wp-json\/wp\/v2\/posts\/146027\/revisions"}],"wp:attachment":[{"href":"https:\/\/plazajuarez.mx\/historico\/wp-json\/wp\/v2\/media?parent=146027"}],"wp:term":[{"taxonomy":"category","embeddable":true,"href":"https:\/\/plazajuarez.mx\/historico\/wp-json\/wp\/v2\/categories?post=146027"},{"taxonomy":"post_tag","embeddable":true,"href":"https:\/\/plazajuarez.mx\/historico\/wp-json\/wp\/v2\/tags?post=146027"}],"curies":[{"name":"wp","href":"https:\/\/api.w.org\/{rel}","templated":true}]}}