{"id":1460,"date":"2015-02-26T06:00:00","date_gmt":"2015-02-26T06:00:00","guid":{"rendered":"http:\/\/plazajuarez.mx\/index\/index.php\/2015\/02\/26\/la-bandera-de-la-escuela-julian-villagran-de-pachuca\/"},"modified":"2015-02-26T06:00:00","modified_gmt":"2015-02-26T06:00:00","slug":"la-bandera-de-la-escuela-julian-villagran-de-pachuca","status":"publish","type":"post","link":"https:\/\/plazajuarez.mx\/historico\/la-bandera-de-la-escuela-julian-villagran-de-pachuca\/","title":{"rendered":"La Bandera de la escuela \u201cJuli\u00e1n Villagr\u00e1n\u201d de Pachuca  \u00a0"},"content":{"rendered":"<h1>EL FUSIL<\/h1>\n<p>\u00a0En este mes de febrero encontramos dos hechos vinculados a la historia de nuestra Ciudad de Pachuca, uno de ellos el 141 aniversario de la fundaci\u00f3n de la Escuela \u201cJuli\u00e1n Villagr\u00e1n\u201d y otro, el que esta Instituci\u00f3n, cada 24 de febrero rinde homenaje a la bandera que se llevara durante los festejos del Centenario de la Independencia de M\u00e9xico, el 15 de septiembre de 1910, el mismo d\u00eda que se inaugur\u00f3 el Reloj de Pachuca y su entorno. Esta breve rese\u00f1a ha sido publicada en el pasado en esta Diario, misma que autoridades de esa instituci\u00f3n y un grupo de exalumnos de esta Instituci\u00f3n desearan releer.<\/p>\n<p>\u00a0<\/p>\n<p>  <!--more-->  <\/p>\n<p>\u00a0<\/p>\n<p>\u201cDe la Escuela \u201cJuli\u00e1n Villagr\u00e1n\u201d sabemos que en el a\u00f1o de 1873 los primeros misioneros metodistas llegan a nuestro Pa\u00eds para atender las necesidades educativas de los ni\u00f1os de Pachuca . Vienen\u00a0 a M\u00e9xico, en febrero de 1874 las Se\u00f1oritas. Mar\u00eda Hastings y Susana Warner. La primera es asignada a un asilo en la ciudad de M\u00e9xico, y la segunda, para encargarse de la educaci\u00f3n de los ni\u00f1os, hijos de los mineros, en Pachuca. La Se\u00f1orita. Wamer lleg\u00f3 a en abril, y de inmediato trat\u00f3 de conseguir un local para su trabajo. Venciendo no pocas dificultades, logr\u00f3 rentar dos cuartitos por $ 35.00 pesos mensuales en los altos del Portal de la Constituci\u00f3n, sobre el negocio de Don Lorenzo Maqu\u00edvar, frente al mercado\u00a0 \u201c1\u00b0 de Mayo\u201d. El grupo primero fue de 11 ni\u00f1os. Al a\u00f1o siguiente cambiaron a la Se\u00f1orita. Warner a M\u00e9xico, y se envi\u00f3 a la Se\u00f1orita. Hastings a Pachuca para establecer una escuela para ni\u00f1as, la que se llamara despu\u00e9s \u201cHijas de Allende\u201d. A la vez, se comision\u00f3 a hacer lo propio con los varones al Profesor Ciro G. Paul quien ten\u00eda 21 alumnos en 1875. Al a\u00f1o siguiente aument\u00f3 a 25 y para 1877 eran ya 45 ni\u00f1os, asistiendo a lo que gente llamaba &#8220;la escuelita del templo&#8221;.<\/p>\n<p>\u00a0<\/p>\n<p>Cuando fue posible, gracias a las facilidades de sus due\u00f1os, se adquiri\u00f3 una propiedad de manos de familiares del Padre Martiarena. \u00c9l, se dice, era un sacerdote liberal. La propiedad se extend\u00eda al Norte de la calle Ju\u00e1rez; al Sur, hasta la calle del Hotel M\u00e9xico. Del Oriente en Allende, a la de Guerrero, al Poniente. De inmediato, bajo la direcci\u00f3n del Ing. Crist\u00f3foro Ludlow se construy\u00f3 un sal\u00f3n con cupo para unas 150 personas en la esquina de las calles de Allende y Ju\u00e1rez. A punto de dedicarse el lugar el 2 de abril de 1876, se pospuso el acto porque en ese momento se inici\u00f3 una balacera revolucionaria, y este evento fue realizado hasta el d\u00eda 9 de aquel mes, de aquel a\u00f1o. All\u00ed trabajaba el Sr. Ciro Paul con sus alumnos. Sin embargo se da por sentado que fue hasta el 5 de febrero de 1877 cuando se inici\u00f3 la Escuela &#8220;Juli\u00e1n Villagr\u00e1n&#8221;. Se afirma tambi\u00e9n que se reconoce al Profr. Ciro G. Paul como el primer director de esta Escuela, aun cuando iniciaran las primeras clases con la Se\u00f1orita. Warner en 1874.\u00a0\u00a0<\/p>\n<p>\u00a0<\/p>\n<p>En 1895 se cambia la escuela al local de Guerrero 18. Ah\u00ed\u00a0 permaneci\u00f3 durante 24 a\u00f1os. Entonces se le puso el nombre del ilustre patriota &#8220;Juli\u00e1n Villagr\u00e1n&#8221;.<\/p>\n<p>\u00a0<\/p>\n<p>En 1908 el Profr. CESAR ZAPATA tom\u00f3 la direcci\u00f3n en compa\u00f1\u00eda de la Se\u00f1orita. Rebeca Islas, y en 1910 lleg\u00f3 el joven Profr. Samuel Carro, procedente de la Normal de Puebla, a trabajar como Ayudante, quien ser\u00eda m\u00e1s tarde distinguido director de esa Instituci\u00f3n.<\/p>\n<p>\u00a0<\/p>\n<p>En ese a\u00f1o esta escuela particip\u00f3 en las fiestas oficiales para conmemorar el Centenario de nuestra Independencia. Con ese motivo se compr\u00f3 una hermosa Bandera Nacional de seda y que fue la que empu\u00f1\u00f3 el C. Gobernador del Estado, el Sr. Pedro L. Rodr\u00edguez, para el solemne momento de &#8220;La Jura&#8221;, en aquel memorable a\u00f1o de 1910 y le fue entregada para su custodia la Bandera, que se usara en todos los festejos del Centenario de la Independencia. Por entonces era Director de Educaci\u00f3n P\u00fablica el ilustre educador pachuque\u00f1o el Profr. Teodomiro Manzano.<\/p>\n<p>\u00a0<\/p>\n<p>Al a\u00f1o siguiente tom\u00f3 la direcci\u00f3n el Sr. Federico Zavala, hombre din\u00e1mico quien ampli\u00f3 la actividad escolar participando los alumnos, por primera vez en los programas c\u00edvicos del 18 y 30 de julio, con uniforme militar y haciendo guardia, de honor ante los monumentos a los h\u00e9roes de la Independencia y la Reforma, Esta participaci\u00f3n llam\u00f3 mucho la atenci\u00f3n por lo lucido del uniforme militar\u201d.<\/p>\n<p>\u00a0<\/p>\n<p>(Historia de la Escuela Juli\u00e1n Villagr\u00e1n de Pachuca, Hgo. publicada en el Anuario Tzzin Tzzi de esa Instituci\u00f3n en 1946)<\/p>\n<p>\u00a0<\/p>\n<p>\u201cEl Fusil\u201d ha conocido en su urna a este L\u00e1baro Patrio que a\u00fan conserva sus brillantes colores de la seda y su \u00e1guila que mira de frente con las alas abierta del Porfirismo entre las ramas de olivo y de laurel y arriba el texto que cita: \u201cEscuela Juli\u00e1n Villagr\u00e1n, 1910\u201d; bandera que las autoridades educativas de esa Instituci\u00f3n conservan con el fervor patri\u00f3tico que le ha caracterizado en sus ense\u00f1anzas<\/p>\n<p>\u00a0<\/p>\n<p>Seis a\u00f1os despu\u00e9s, para 1916 la Escuela es incorporada al Estado. M\u00e1s tarde levanta su arquitectura alrededor de la primera zona comercial de Pachuca traslad\u00e1ndose\u00a0 en 1920 a la calle de Allende No. 4; entre los tianguis y las calles empedradas por donde pasaba el tranv\u00eda el\u00e9ctrico; en el lugar donde hoy la identificamos por su bello Edificio de ladrillo rojo y cuya entrada se encuentra lamentablemente cerrada por la ubicaci\u00f3n de una inadecuada parada del transporte p\u00fablico y entre el caos del desorden urbano.<\/p>\n<p>\u00a0<\/p>\n","protected":false},"excerpt":{"rendered":"<p>EL FUSIL \u00a0En este mes de febrero encontramos dos hechos vinculados a la historia de nuestra Ciudad de Pachuca, uno de ellos el 141 aniversario de la fundaci\u00f3n de la Escuela \u201cJuli\u00e1n Villagr\u00e1n\u201d y otro, el que esta Instituci\u00f3n, cada 24 de febrero rinde homenaje a la bandera que se llevara durante los festejos del [&hellip;]<\/p>\n","protected":false},"author":93,"featured_media":0,"comment_status":"open","ping_status":"open","sticky":false,"template":"","format":"standard","meta":{"footnotes":""},"categories":[1],"tags":[],"class_list":["post-1460","post","type-post","status-publish","format-standard","hentry","category-uncategorized"],"_links":{"self":[{"href":"https:\/\/plazajuarez.mx\/historico\/wp-json\/wp\/v2\/posts\/1460","targetHints":{"allow":["GET"]}}],"collection":[{"href":"https:\/\/plazajuarez.mx\/historico\/wp-json\/wp\/v2\/posts"}],"about":[{"href":"https:\/\/plazajuarez.mx\/historico\/wp-json\/wp\/v2\/types\/post"}],"author":[{"embeddable":true,"href":"https:\/\/plazajuarez.mx\/historico\/wp-json\/wp\/v2\/users\/93"}],"replies":[{"embeddable":true,"href":"https:\/\/plazajuarez.mx\/historico\/wp-json\/wp\/v2\/comments?post=1460"}],"version-history":[{"count":0,"href":"https:\/\/plazajuarez.mx\/historico\/wp-json\/wp\/v2\/posts\/1460\/revisions"}],"wp:attachment":[{"href":"https:\/\/plazajuarez.mx\/historico\/wp-json\/wp\/v2\/media?parent=1460"}],"wp:term":[{"taxonomy":"category","embeddable":true,"href":"https:\/\/plazajuarez.mx\/historico\/wp-json\/wp\/v2\/categories?post=1460"},{"taxonomy":"post_tag","embeddable":true,"href":"https:\/\/plazajuarez.mx\/historico\/wp-json\/wp\/v2\/tags?post=1460"}],"curies":[{"name":"wp","href":"https:\/\/api.w.org\/{rel}","templated":true}]}}