{"id":145571,"date":"2020-12-23T07:18:57","date_gmt":"2020-12-23T13:18:57","guid":{"rendered":"https:\/\/plazajuarez.mx\/?p=145571"},"modified":"2020-12-23T07:19:15","modified_gmt":"2020-12-23T13:19:15","slug":"el-24-de-diciembre-arranque-de-vacunacion-lopez-gatell","status":"publish","type":"post","link":"https:\/\/plazajuarez.mx\/historico\/el-24-de-diciembre-arranque-de-vacunacion-lopez-gatell\/","title":{"rendered":"El 24 de diciembre, arranque de vacunaci\u00f3n: L\u00f3pez-Gatell"},"content":{"rendered":"\n<p>Pese a que las dosis contra el coronavirus llegan hoy 23 de diciembre a la Ciudad de M\u00e9xico, el subsecretario de Prevenci\u00f3n y Promoci\u00f3n de la Salud, Hugo L\u00f3pez-Gatell, inform\u00f3 que ser\u00e1 hasta el 24 de diciembre cuando arranque la vacunaci\u00f3n en M\u00e9xico.<\/p>\n\n\n\n<p>En conferencia de prensa, desde Palacio Nacional, el funcionario detall\u00f3 que este mi\u00e9rcoles llegar\u00e1 por la ma\u00f1ana el primer embarque de Pfizer al Aeropuerto Internacional de la Ciudad de M\u00e9xico (AICM), el cual ser\u00e1 transportado por un avi\u00f3n de mensajer\u00eda.<\/p>\n\n\n\n<p>&#8220;Llegar\u00e1 el avi\u00f3n, se recibir\u00e1 el paquete, ah\u00ed estar\u00e1n distintos funcionarios. Va a ser un operativo grande, con el prop\u00f3sito demostrativo de la recepci\u00f3n&#8221;, explic\u00f3 L\u00f3pez-Gatell.<\/p>\n\n\n\n<p>Las vacunas ser\u00e1n resguardadas por las Fuerzas Armadas hasta el pr\u00f3ximo jueves 24 de diciembre; sin embargo, no dio a conocer el lugar d\u00f3nde estar\u00e1n por razones de seguridad.<\/p>\n\n\n\n<p>&#8220;Ese d\u00eda har\u00e1n una segunda presentaci\u00f3n p\u00fablica, que ser\u00e1 el arranque de la vacunaci\u00f3n&#8221;, explic\u00f3.<\/p>\n\n\n\n<p>Adem\u00e1s, asegur\u00f3 que los contratos que existen con las farmac\u00e9uticas contemplan las dosis de &#8220;todo el pueblo de M\u00e9xico&#8221; y agreg\u00f3 que la vacunaci\u00f3n ser\u00e1 universal, gratuita y voluntaria para los ciudadanos.<\/p>\n\n\n\n<p>Tambi\u00e9n adelant\u00f3 que el arranque se dar\u00e1 en entidades como Ciudad de M\u00e9xico y Coahuila.<\/p>\n\n\n\n<p>Los embarques de las dosis con las vacunas contra el coronavirus ser\u00e1n semanales, como se pact\u00f3 con Pfizer. Detall\u00f3 que en un mes se contempla un poco m\u00e1s de un mill\u00f3n 400 mil dosis: &#8220;al final de marzo estaremos teniendo 7.5 millones de dosis de Pfizer&#8221;.<\/p>\n","protected":false},"excerpt":{"rendered":"<p>Pese a que las dosis contra el coronavirus llegan hoy 23 de diciembre a la Ciudad de M\u00e9xico, el subsecretario de Prevenci\u00f3n y Promoci\u00f3n de la Salud, Hugo L\u00f3pez-Gatell, inform\u00f3 que ser\u00e1 hasta el 24 de diciembre cuando arranque la vacunaci\u00f3n en M\u00e9xico. En conferencia de prensa, desde Palacio Nacional, el funcionario detall\u00f3 que este [&hellip;]<\/p>\n","protected":false},"author":81,"featured_media":145572,"comment_status":"closed","ping_status":"open","sticky":false,"template":"","format":"standard","meta":{"footnotes":""},"categories":[15,36],"tags":[],"class_list":["post-145571","post","type-post","status-publish","format-standard","has-post-thumbnail","hentry","category-destacadas","category-nacion"],"_links":{"self":[{"href":"https:\/\/plazajuarez.mx\/historico\/wp-json\/wp\/v2\/posts\/145571","targetHints":{"allow":["GET"]}}],"collection":[{"href":"https:\/\/plazajuarez.mx\/historico\/wp-json\/wp\/v2\/posts"}],"about":[{"href":"https:\/\/plazajuarez.mx\/historico\/wp-json\/wp\/v2\/types\/post"}],"author":[{"embeddable":true,"href":"https:\/\/plazajuarez.mx\/historico\/wp-json\/wp\/v2\/users\/81"}],"replies":[{"embeddable":true,"href":"https:\/\/plazajuarez.mx\/historico\/wp-json\/wp\/v2\/comments?post=145571"}],"version-history":[{"count":0,"href":"https:\/\/plazajuarez.mx\/historico\/wp-json\/wp\/v2\/posts\/145571\/revisions"}],"wp:featuredmedia":[{"embeddable":true,"href":"https:\/\/plazajuarez.mx\/historico\/wp-json\/wp\/v2\/media\/145572"}],"wp:attachment":[{"href":"https:\/\/plazajuarez.mx\/historico\/wp-json\/wp\/v2\/media?parent=145571"}],"wp:term":[{"taxonomy":"category","embeddable":true,"href":"https:\/\/plazajuarez.mx\/historico\/wp-json\/wp\/v2\/categories?post=145571"},{"taxonomy":"post_tag","embeddable":true,"href":"https:\/\/plazajuarez.mx\/historico\/wp-json\/wp\/v2\/tags?post=145571"}],"curies":[{"name":"wp","href":"https:\/\/api.w.org\/{rel}","templated":true}]}}