{"id":145466,"date":"2020-12-22T07:40:57","date_gmt":"2020-12-22T13:40:57","guid":{"rendered":"https:\/\/plazajuarez.mx\/?p=145466"},"modified":"2020-12-22T07:41:14","modified_gmt":"2020-12-22T13:41:14","slug":"pasado-domingo-historico-registro-de-casos-en-un-dia","status":"publish","type":"post","link":"https:\/\/plazajuarez.mx\/historico\/pasado-domingo-historico-registro-de-casos-en-un-dia\/","title":{"rendered":"PASADO DOMINGO, HIST\u00d3RICO REGISTRO DE CASOS EN UN D\u00cdA"},"content":{"rendered":"\n<p class=\"wp-block-paragraph\">De acuerdo con la estad\u00edstica proporcionada por la Secretar\u00eda de Salud Federal, el pasado domingo signific\u00f3 una fecha representativa en cuanto al incremento en el n\u00famero de casos positivos de COVID-19 registrados en un d\u00eda.<\/p>\n\n\n\n<p class=\"wp-block-paragraph\">Dicha situaci\u00f3n se present\u00f3 no solo en el pa\u00eds, sino en el mundo, luego que los contagios reportados alcanzaron los 800 mil, de tal manera que el acumulado mundial sobrepas\u00f3 los 75 millones.<\/p>\n\n\n\n<p class=\"wp-block-paragraph\">En el tema de defunciones, en tan solo 24 horas se reportaron un total de 10 mil 256 para una suma de 1.68 millones.<\/p>\n\n\n\n<p class=\"wp-block-paragraph\">En el caso espec\u00edfico del continente americano la cifra, hasta el corte del domingo, alcanza a un total de 32.4 millones de casos positivos y 809 mil muertes; de los cuales 311 mil corresponde a Estados Unidos que tiene 17.3 millones de contagios.<\/p>\n\n\n\n<p class=\"wp-block-paragraph\">En tanto Colombia y M\u00e9xico, son los pa\u00edses de Latinoam\u00e9rica que presentan un importante crecimiento de enfermos en los \u00faltimos siete d\u00edas, el primero al sumar en este periodo 73 mil y nuestra naci\u00f3n con 72 mil.<\/p>\n\n\n\n<p class=\"wp-block-paragraph\">En lo que respecta a la entidad, por el incremento en el n\u00famero de casos y fallecimientos, existe la posibilidad de cambiar a sem\u00e1foro rojo; por lo que las autoridades estatales comenzaron a dise\u00f1ar estrategias para frenar la transmisi\u00f3n del virus.<\/p>\n","protected":false},"excerpt":{"rendered":"<p>De acuerdo con la estad\u00edstica proporcionada por la Secretar\u00eda de Salud Federal, el pasado domingo signific\u00f3 una fecha representativa en cuanto al incremento en el n\u00famero de casos positivos de COVID-19 registrados en un d\u00eda. Dicha situaci\u00f3n se present\u00f3 no solo en el pa\u00eds, sino en el mundo, luego que los contagios reportados alcanzaron los [&hellip;]<\/p>\n","protected":false},"author":73,"featured_media":145467,"comment_status":"closed","ping_status":"open","sticky":false,"template":"","format":"standard","meta":{"footnotes":""},"categories":[59],"tags":[],"class_list":["post-145466","post","type-post","status-publish","format-standard","has-post-thumbnail","hentry","category-general"],"_links":{"self":[{"href":"https:\/\/plazajuarez.mx\/historico\/wp-json\/wp\/v2\/posts\/145466","targetHints":{"allow":["GET"]}}],"collection":[{"href":"https:\/\/plazajuarez.mx\/historico\/wp-json\/wp\/v2\/posts"}],"about":[{"href":"https:\/\/plazajuarez.mx\/historico\/wp-json\/wp\/v2\/types\/post"}],"author":[{"embeddable":true,"href":"https:\/\/plazajuarez.mx\/historico\/wp-json\/wp\/v2\/users\/73"}],"replies":[{"embeddable":true,"href":"https:\/\/plazajuarez.mx\/historico\/wp-json\/wp\/v2\/comments?post=145466"}],"version-history":[{"count":0,"href":"https:\/\/plazajuarez.mx\/historico\/wp-json\/wp\/v2\/posts\/145466\/revisions"}],"wp:featuredmedia":[{"embeddable":true,"href":"https:\/\/plazajuarez.mx\/historico\/wp-json\/wp\/v2\/media\/145467"}],"wp:attachment":[{"href":"https:\/\/plazajuarez.mx\/historico\/wp-json\/wp\/v2\/media?parent=145466"}],"wp:term":[{"taxonomy":"category","embeddable":true,"href":"https:\/\/plazajuarez.mx\/historico\/wp-json\/wp\/v2\/categories?post=145466"},{"taxonomy":"post_tag","embeddable":true,"href":"https:\/\/plazajuarez.mx\/historico\/wp-json\/wp\/v2\/tags?post=145466"}],"curies":[{"name":"wp","href":"https:\/\/api.w.org\/{rel}","templated":true}]}}