{"id":145206,"date":"2020-12-20T07:20:22","date_gmt":"2020-12-20T13:20:22","guid":{"rendered":"https:\/\/plazajuarez.mx\/?p=145206"},"modified":"2020-12-20T07:20:33","modified_gmt":"2020-12-20T13:20:33","slug":"los-nuevos-integrantes-del-ayuntamiento-de-tizayuca","status":"publish","type":"post","link":"https:\/\/plazajuarez.mx\/historico\/los-nuevos-integrantes-del-ayuntamiento-de-tizayuca\/","title":{"rendered":"Los nuevos integrantes del Ayuntamiento de Tizayuca"},"content":{"rendered":"\n<p><strong>Tizayuca\u00a0\u00a0<\/strong><\/p>\n\n\n\n<p>La presidenta municipal de Tizayuca, Susana \u00c1ngeles Quezada, entreg\u00f3 los nombramientos a funcionarios de distintas \u00e1reas que trabajar\u00e1n, acompa\u00f1\u00e1ndola en su administraci\u00f3n del periodo 2020-2024.&nbsp;<\/p>\n\n\n\n<p>Cabe mencionar que esta fue la primera entrega de cargos, posteriormente otorgar\u00e1 dar\u00e1 a conocer los nombres de nuevos funcionarios que cumplan con los requisitos al puesto que se les otorgar\u00e1, as\u00ed lo inform\u00f3 la propia Susana \u00c1ngeles Quezada.&nbsp;<\/p>\n\n\n\n<p>Los nombramientos fueron los siguientes:&nbsp;<\/p>\n\n\n\n<ul class=\"wp-block-list\"><li>Diana Itzel Hurtado S\u00e1nchez, secretaria particular.<\/li><li>Jorge Valverde Islas, secretario de Finanzas.&nbsp;<\/li><li>\u00c1lvaro Vargas Briones, secretario de Desarrollo Econ\u00f3mico<\/li><li>Jos\u00e9 Javier Macotela Guzm\u00e1n, secretario de Bienestar Social&nbsp;<\/li><li>Martha Elena Zamora Salamanca, oficial del Registro del Estado Familiar<\/li><li>Javier Soto Arteaga, secretario de Obras P\u00fablicas&nbsp;<\/li><li>Bego\u00f1a Montserrat Vicente Avil\u00e9s, directora general de la Comisi\u00f3n de Agua y Alcantarillado del Municipio de Tizayuca Hidalgo<\/li><li>Citlalli Lara Fuentes, secretaria Contenciosa.<\/li><\/ul>\n\n\n\n<p>Finalmente, Susana Quezada \u00c1ngeles reiter\u00f3 que gobernar\u00e1 con los ideales de la Cuarta Transformaci\u00f3n en el municipio de Tizayuca y que gracias al voto de confianza que pusieron en ella no defraudar\u00e1 a los ciudadanos, \u201chabr\u00e1 un cambio para mejorar la vida de los tizayuquenses\u201d.&nbsp;<\/p>\n","protected":false},"excerpt":{"rendered":"<p>Tizayuca\u00a0\u00a0 La presidenta municipal de Tizayuca, Susana \u00c1ngeles Quezada, entreg\u00f3 los nombramientos a funcionarios de distintas \u00e1reas que trabajar\u00e1n, acompa\u00f1\u00e1ndola en su administraci\u00f3n del periodo 2020-2024.&nbsp; Cabe mencionar que esta fue la primera entrega de cargos, posteriormente otorgar\u00e1 dar\u00e1 a conocer los nombres de nuevos funcionarios que cumplan con los requisitos al puesto que se [&hellip;]<\/p>\n","protected":false},"author":78,"featured_media":145207,"comment_status":"closed","ping_status":"open","sticky":false,"template":"","format":"standard","meta":{"footnotes":""},"categories":[40],"tags":[],"class_list":["post-145206","post","type-post","status-publish","format-standard","has-post-thumbnail","hentry","category-region"],"_links":{"self":[{"href":"https:\/\/plazajuarez.mx\/historico\/wp-json\/wp\/v2\/posts\/145206","targetHints":{"allow":["GET"]}}],"collection":[{"href":"https:\/\/plazajuarez.mx\/historico\/wp-json\/wp\/v2\/posts"}],"about":[{"href":"https:\/\/plazajuarez.mx\/historico\/wp-json\/wp\/v2\/types\/post"}],"author":[{"embeddable":true,"href":"https:\/\/plazajuarez.mx\/historico\/wp-json\/wp\/v2\/users\/78"}],"replies":[{"embeddable":true,"href":"https:\/\/plazajuarez.mx\/historico\/wp-json\/wp\/v2\/comments?post=145206"}],"version-history":[{"count":0,"href":"https:\/\/plazajuarez.mx\/historico\/wp-json\/wp\/v2\/posts\/145206\/revisions"}],"wp:featuredmedia":[{"embeddable":true,"href":"https:\/\/plazajuarez.mx\/historico\/wp-json\/wp\/v2\/media\/145207"}],"wp:attachment":[{"href":"https:\/\/plazajuarez.mx\/historico\/wp-json\/wp\/v2\/media?parent=145206"}],"wp:term":[{"taxonomy":"category","embeddable":true,"href":"https:\/\/plazajuarez.mx\/historico\/wp-json\/wp\/v2\/categories?post=145206"},{"taxonomy":"post_tag","embeddable":true,"href":"https:\/\/plazajuarez.mx\/historico\/wp-json\/wp\/v2\/tags?post=145206"}],"curies":[{"name":"wp","href":"https:\/\/api.w.org\/{rel}","templated":true}]}}