{"id":144804,"date":"2020-12-17T10:20:44","date_gmt":"2020-12-17T16:20:44","guid":{"rendered":"https:\/\/plazajuarez.mx\/?p=144804"},"modified":"2020-12-17T10:20:59","modified_gmt":"2020-12-17T16:20:59","slug":"concejal-hereda-el-cargo-a-su-esposo-alejandro-lugo","status":"publish","type":"post","link":"https:\/\/plazajuarez.mx\/historico\/concejal-hereda-el-cargo-a-su-esposo-alejandro-lugo\/","title":{"rendered":"Concejal hereda el cargo a su esposo: Alejandro Lugo"},"content":{"rendered":"\n<p>Concejal de Ixmiquilpan hered\u00f3 el cargo a su esposo, quien a partir del primer minuto de este 15 de diciembre, asumi\u00f3 el cargo dentro del Ayuntamiento. Pamela Rubio, hered\u00f3 el cargo a Alejandro Lugo.<\/p>\n\n\n\n<p>Al retiro del gobierno, se dio a conocer el arribo del dirigente de este partido en el municipio, el lugar era ocupado por su esposa. Parte de los cambios fue ese: remover a la concejal.&nbsp;<\/p>\n\n\n\n<p>Cabe se\u00f1alar que su designaci\u00f3n corri\u00f3 a cargo del Congreso Local, resultado de diversas negociaciones. La sociedad no tuvo oportunidad de opinar, algo importante, porque tampoco cuenta con su aprobaci\u00f3n.&nbsp;<\/p>\n\n\n\n<p>Alejandro Lugo es dirigente del PAN en Ixmiquilpan y fue durante un corto tiempo, integrante del gobierno de Cipriano Charrez, posteriormente, cuando fue despedido de la administraci\u00f3n fue parte de los adversarios.&nbsp;<\/p>\n\n\n\n<p>Buscaba ser regidor con la planilla del excandidato del PAN, Edmundo Ram\u00edrez, quien fracas\u00f3 en las urnas y en los tribunales, donde buscaba que se anularan s\u00f3lo unas casillas, con el prop\u00f3sito de revertir los resultados a su favor.&nbsp;<\/p>\n","protected":false},"excerpt":{"rendered":"<p>Concejal de Ixmiquilpan hered\u00f3 el cargo a su esposo, quien a partir del primer minuto de este 15 de diciembre, asumi\u00f3 el cargo dentro del Ayuntamiento. Pamela Rubio, hered\u00f3 el cargo a Alejandro Lugo. Al retiro del gobierno, se dio a conocer el arribo del dirigente de este partido en el municipio, el lugar era [&hellip;]<\/p>\n","protected":false},"author":75,"featured_media":144808,"comment_status":"closed","ping_status":"open","sticky":false,"template":"","format":"standard","meta":{"footnotes":""},"categories":[40],"tags":[],"class_list":["post-144804","post","type-post","status-publish","format-standard","has-post-thumbnail","hentry","category-region"],"_links":{"self":[{"href":"https:\/\/plazajuarez.mx\/historico\/wp-json\/wp\/v2\/posts\/144804","targetHints":{"allow":["GET"]}}],"collection":[{"href":"https:\/\/plazajuarez.mx\/historico\/wp-json\/wp\/v2\/posts"}],"about":[{"href":"https:\/\/plazajuarez.mx\/historico\/wp-json\/wp\/v2\/types\/post"}],"author":[{"embeddable":true,"href":"https:\/\/plazajuarez.mx\/historico\/wp-json\/wp\/v2\/users\/75"}],"replies":[{"embeddable":true,"href":"https:\/\/plazajuarez.mx\/historico\/wp-json\/wp\/v2\/comments?post=144804"}],"version-history":[{"count":0,"href":"https:\/\/plazajuarez.mx\/historico\/wp-json\/wp\/v2\/posts\/144804\/revisions"}],"wp:featuredmedia":[{"embeddable":true,"href":"https:\/\/plazajuarez.mx\/historico\/wp-json\/wp\/v2\/media\/144808"}],"wp:attachment":[{"href":"https:\/\/plazajuarez.mx\/historico\/wp-json\/wp\/v2\/media?parent=144804"}],"wp:term":[{"taxonomy":"category","embeddable":true,"href":"https:\/\/plazajuarez.mx\/historico\/wp-json\/wp\/v2\/categories?post=144804"},{"taxonomy":"post_tag","embeddable":true,"href":"https:\/\/plazajuarez.mx\/historico\/wp-json\/wp\/v2\/tags?post=144804"}],"curies":[{"name":"wp","href":"https:\/\/api.w.org\/{rel}","templated":true}]}}