{"id":144797,"date":"2020-12-17T10:22:45","date_gmt":"2020-12-17T16:22:45","guid":{"rendered":"https:\/\/plazajuarez.mx\/?p=144797"},"modified":"2020-12-17T10:22:57","modified_gmt":"2020-12-17T16:22:57","slug":"tolcayuca-no-cedera-territorio-a-tizayuca","status":"publish","type":"post","link":"https:\/\/plazajuarez.mx\/historico\/tolcayuca-no-cedera-territorio-a-tizayuca\/","title":{"rendered":"Tolcayuca no ceder\u00e1 territorio a Tizayuca"},"content":{"rendered":"\n<p>Integrantes del Concejo Municipal de Tolcayuca llevaron a cabo una audiencia p\u00fablica, con el \u00fanico objetivo de tratar el tema, en la que informaron que la presidenta de este Concejo, Virginia Alvarado Vargas, ejerc\u00eda presi\u00f3n para que se firmar\u00e1 un convenio donde se establec\u00eda que su municipio ced\u00eda territorio a Tizayuca.&nbsp;<\/p>\n\n\n\n<p>Los concejales expresaron que cuando realiz\u00f3 su informe de actividades, de manera clara, los acus\u00f3 de no firmar el documento que se present\u00f3 el 10 de diciembre el en que, seg\u00fan ella,&nbsp; \u201cbeneficiaria\u201d a Tolcayuca.&nbsp;<\/p>\n\n\n\n<p>Cabe mencionar que el documento fue hecho con los presidentes de los Concejos de Tizayuca y Tolcayuca en total discreci\u00f3n.<\/p>\n\n\n\n<p>Finalmente, los concejales que estuvieron presentes en la audiencia p\u00fablica fueron: Bernardo Vargas Rodr\u00edguez, Maribel Rodr\u00edguez Islas, Gabriel Yamael S\u00e1nchez L\u00f3pez, Lourdes Pacheco Reyes e Ivonne Romero Orozco, quienes por consenso dijeron no estar de acuerdo en perjudicar al municipio para ceder territorio ya que eso, en todo caso le corresponder\u00eda al actual presidente municipal, Gast\u00f3n Valdespino.&nbsp;<\/p>\n\n\n\n<p>Afirm\u00f3 que el acuerdo perjudicaba a su demarcaci\u00f3n y favorec\u00eda &#8220;notablemente&#8221; a Tizayuca con la entrega de una extensi\u00f3n considerable de territorio, sin que especificara la cantidad de hect\u00e1reas destinadas al municipio vecino.<\/p>\n\n\n\n<p>Mencion\u00f3 que para tomar una decisi\u00f3n hist\u00f3rica en su municipio, se requiere de un mayor tiempo y esfuerzo, m\u00e1s el apoyo de especialistas, por lo que puntualiz\u00f3 que la postura de concejales inconformes fue basada en la &#8220;sensatez y viendo por el inter\u00e9s del pueblo&#8221;.<\/p>\n\n\n\n<p>Por todo ello, solicit\u00f3 a las administraciones que encabezar\u00e1n Gast\u00f3n Valdespino \u00c1vila, en Tolcayuca, y Susana \u00c1ngeles Quezada, en Tizayuca, poner \u00e9nfasis en resolver el problema hist\u00f3rico territorial que mantienen las dos demarcaciones&nbsp;<\/p>\n\n\n\n<p>En tanto, tras una breve declaraci\u00f3n ante los asistentes a la audiencia, la presidenta del Concejo, Virginia Alvarado, confirm\u00f3 que el convenio qued\u00f3 cancelado, y afirm\u00f3 que en ning\u00fan momento trat\u00f3 de vulnerar los derechos de los tolcayuquenses.<\/p>\n\n\n\n<p>Durante la comparecencia, diversos voluntarios, entre ellos exfuncionarios, mostraron la disposici\u00f3n para coadyuvar en los estudios que deber\u00e1n definir los l\u00edmites territoriales para ambos municipios.&nbsp;<\/p>\n","protected":false},"excerpt":{"rendered":"<p>Integrantes del Concejo Municipal de Tolcayuca llevaron a cabo una audiencia p\u00fablica, con el \u00fanico objetivo de tratar el tema, en la que informaron que la presidenta de este Concejo, Virginia Alvarado Vargas, ejerc\u00eda presi\u00f3n para que se firmar\u00e1 un convenio donde se establec\u00eda que su municipio ced\u00eda territorio a Tizayuca.&nbsp; Los concejales expresaron que [&hellip;]<\/p>\n","protected":false},"author":78,"featured_media":144811,"comment_status":"closed","ping_status":"open","sticky":false,"template":"","format":"standard","meta":{"footnotes":""},"categories":[40],"tags":[],"class_list":["post-144797","post","type-post","status-publish","format-standard","has-post-thumbnail","hentry","category-region"],"_links":{"self":[{"href":"https:\/\/plazajuarez.mx\/historico\/wp-json\/wp\/v2\/posts\/144797","targetHints":{"allow":["GET"]}}],"collection":[{"href":"https:\/\/plazajuarez.mx\/historico\/wp-json\/wp\/v2\/posts"}],"about":[{"href":"https:\/\/plazajuarez.mx\/historico\/wp-json\/wp\/v2\/types\/post"}],"author":[{"embeddable":true,"href":"https:\/\/plazajuarez.mx\/historico\/wp-json\/wp\/v2\/users\/78"}],"replies":[{"embeddable":true,"href":"https:\/\/plazajuarez.mx\/historico\/wp-json\/wp\/v2\/comments?post=144797"}],"version-history":[{"count":0,"href":"https:\/\/plazajuarez.mx\/historico\/wp-json\/wp\/v2\/posts\/144797\/revisions"}],"wp:featuredmedia":[{"embeddable":true,"href":"https:\/\/plazajuarez.mx\/historico\/wp-json\/wp\/v2\/media\/144811"}],"wp:attachment":[{"href":"https:\/\/plazajuarez.mx\/historico\/wp-json\/wp\/v2\/media?parent=144797"}],"wp:term":[{"taxonomy":"category","embeddable":true,"href":"https:\/\/plazajuarez.mx\/historico\/wp-json\/wp\/v2\/categories?post=144797"},{"taxonomy":"post_tag","embeddable":true,"href":"https:\/\/plazajuarez.mx\/historico\/wp-json\/wp\/v2\/tags?post=144797"}],"curies":[{"name":"wp","href":"https:\/\/api.w.org\/{rel}","templated":true}]}}