{"id":144795,"date":"2020-12-17T10:21:33","date_gmt":"2020-12-17T16:21:33","guid":{"rendered":"https:\/\/plazajuarez.mx\/?p=144795"},"modified":"2020-12-17T10:21:48","modified_gmt":"2020-12-17T16:21:48","slug":"tomas-de-protesta-tranquilas-y-pacificas","status":"publish","type":"post","link":"https:\/\/plazajuarez.mx\/historico\/tomas-de-protesta-tranquilas-y-pacificas\/","title":{"rendered":"Tomas de protesta, tranquilas y pac\u00edficas"},"content":{"rendered":"\n<p>Presidentes municipales de todos los partidos pol\u00edticos, tomaron protesta a sus cargos en un ambiente de tranquilidad y de paz. No se reportaron manifestaciones ni reclamos.&nbsp;<\/p>\n\n\n\n<p>En Actopan, el gobernador, Omar Fayad, acudi\u00f3 a la toma de protesta de la alcaldesa de Morena, Tatiana \u00c1ngeles Moreno. Ah\u00ed, el jefe del Ejecutivo estatal ofreci\u00f3 su respaldo a los nuevos gobiernos municipales.&nbsp;<\/p>\n\n\n\n<p>En El Cardonal, el alcalde emanado del PT, Mariano Caba\u00f1as, tom\u00f3 protesta, fue acompa\u00f1ado por el secretario, Lam\u00e1n Carranza, quien ofreci\u00f3 apoyo y respaldo del gobierno estatal al nuevo Ayuntamiento.<\/p>\n\n\n\n<p>En resto de los municipios, los alcaldes nuevos realizaron ceremonias nutridas a pesar de la pandemia.&nbsp;<\/p>\n","protected":false},"excerpt":{"rendered":"<p>Presidentes municipales de todos los partidos pol\u00edticos, tomaron protesta a sus cargos en un ambiente de tranquilidad y de paz. No se reportaron manifestaciones ni reclamos.&nbsp; En Actopan, el gobernador, Omar Fayad, acudi\u00f3 a la toma de protesta de la alcaldesa de Morena, Tatiana \u00c1ngeles Moreno. Ah\u00ed, el jefe del Ejecutivo estatal ofreci\u00f3 su respaldo [&hellip;]<\/p>\n","protected":false},"author":75,"featured_media":144812,"comment_status":"closed","ping_status":"open","sticky":false,"template":"","format":"standard","meta":{"footnotes":""},"categories":[40],"tags":[],"class_list":["post-144795","post","type-post","status-publish","format-standard","has-post-thumbnail","hentry","category-region"],"_links":{"self":[{"href":"https:\/\/plazajuarez.mx\/historico\/wp-json\/wp\/v2\/posts\/144795","targetHints":{"allow":["GET"]}}],"collection":[{"href":"https:\/\/plazajuarez.mx\/historico\/wp-json\/wp\/v2\/posts"}],"about":[{"href":"https:\/\/plazajuarez.mx\/historico\/wp-json\/wp\/v2\/types\/post"}],"author":[{"embeddable":true,"href":"https:\/\/plazajuarez.mx\/historico\/wp-json\/wp\/v2\/users\/75"}],"replies":[{"embeddable":true,"href":"https:\/\/plazajuarez.mx\/historico\/wp-json\/wp\/v2\/comments?post=144795"}],"version-history":[{"count":0,"href":"https:\/\/plazajuarez.mx\/historico\/wp-json\/wp\/v2\/posts\/144795\/revisions"}],"wp:featuredmedia":[{"embeddable":true,"href":"https:\/\/plazajuarez.mx\/historico\/wp-json\/wp\/v2\/media\/144812"}],"wp:attachment":[{"href":"https:\/\/plazajuarez.mx\/historico\/wp-json\/wp\/v2\/media?parent=144795"}],"wp:term":[{"taxonomy":"category","embeddable":true,"href":"https:\/\/plazajuarez.mx\/historico\/wp-json\/wp\/v2\/categories?post=144795"},{"taxonomy":"post_tag","embeddable":true,"href":"https:\/\/plazajuarez.mx\/historico\/wp-json\/wp\/v2\/tags?post=144795"}],"curies":[{"name":"wp","href":"https:\/\/api.w.org\/{rel}","templated":true}]}}