{"id":144794,"date":"2020-12-17T10:19:40","date_gmt":"2020-12-17T16:19:40","guid":{"rendered":"https:\/\/plazajuarez.mx\/?p=144794"},"modified":"2020-12-17T10:19:57","modified_gmt":"2020-12-17T16:19:57","slug":"patricia-marcela-gonzalez-tomo-protesta-como-alcaldesa","status":"publish","type":"post","link":"https:\/\/plazajuarez.mx\/historico\/patricia-marcela-gonzalez-tomo-protesta-como-alcaldesa\/","title":{"rendered":"Patricia Marcela Gonz\u00e1lez tom\u00f3 protesta como alcaldesa"},"content":{"rendered":"\n<p>Patricia Marcela Gonz\u00e1lez Valencia tom\u00f3 protesta como alcaldesa de Villa de Tezontepec junto con integrantes del Ayuntamiento 2020-2024.&nbsp;<\/p>\n\n\n\n<p>Patricia Gonz\u00e1lez agradeci\u00f3 a los invitados y record\u00f3 que hizo un gran compromiso para trabajar por el municipio; \u201cVilla de Tezontepec tiene un parque industrial; cuenta con gastronom\u00eda, arte sacro, y una vasta riqueza de hallazgos y personajes que han puesto en alto a los tezontepequenses\u201d.&nbsp;<\/p>\n\n\n\n<p>\u201cAsumo el cargo como alcaldesa, para tomar decisiones en consenso con los habitantes, hagamos equipo; trabajar\u00e9 con todos los sectores para mejorar la calidad de vida\u201d.&nbsp;Dijo que seguir\u00e1 tocando puertas para atender las necesidades y problem\u00e1ticas de acuerdo a lo que le hicieron saber los ciudadanos.&nbsp;<\/p>\n\n\n\n<p>Asegur\u00f3 que no importa el reto que se le presenta ya que cuenta con un gran aliado, el gobernador Omar Fayad. A trav\u00e9s del representante, Juan Luis Lomel\u00ed, le mando un saludo y el mensaje de que trabajar\u00e1 para tener un municipio fuerte y atractivo para la inversi\u00f3n privada con un desarrollo sustentable \u201ctenemos tres a\u00f1os ocho meses para demostrarlo\u201d.&nbsp;<\/p>\n\n\n\n<p>Juan Luis Lomel\u00ed, representante del gobernador felicit\u00f3 a la alcaldesa, s\u00edndico y regidores. Dijo tener el privilegio de acudir a esta toma de protesta invit\u00f3 a que tomen acciones para cumplir promesas y sumar propuestas de la sociedad y dem\u00e1s candidatos que participaron para mejorar Villa de Tezontepec.<\/p>\n","protected":false},"excerpt":{"rendered":"<p>Patricia Marcela Gonz\u00e1lez Valencia tom\u00f3 protesta como alcaldesa de Villa de Tezontepec junto con integrantes del Ayuntamiento 2020-2024.&nbsp; Patricia Gonz\u00e1lez agradeci\u00f3 a los invitados y record\u00f3 que hizo un gran compromiso para trabajar por el municipio; \u201cVilla de Tezontepec tiene un parque industrial; cuenta con gastronom\u00eda, arte sacro, y una vasta riqueza de hallazgos y [&hellip;]<\/p>\n","protected":false},"author":78,"featured_media":144813,"comment_status":"closed","ping_status":"open","sticky":false,"template":"","format":"standard","meta":{"footnotes":""},"categories":[40],"tags":[],"class_list":["post-144794","post","type-post","status-publish","format-standard","has-post-thumbnail","hentry","category-region"],"_links":{"self":[{"href":"https:\/\/plazajuarez.mx\/historico\/wp-json\/wp\/v2\/posts\/144794","targetHints":{"allow":["GET"]}}],"collection":[{"href":"https:\/\/plazajuarez.mx\/historico\/wp-json\/wp\/v2\/posts"}],"about":[{"href":"https:\/\/plazajuarez.mx\/historico\/wp-json\/wp\/v2\/types\/post"}],"author":[{"embeddable":true,"href":"https:\/\/plazajuarez.mx\/historico\/wp-json\/wp\/v2\/users\/78"}],"replies":[{"embeddable":true,"href":"https:\/\/plazajuarez.mx\/historico\/wp-json\/wp\/v2\/comments?post=144794"}],"version-history":[{"count":0,"href":"https:\/\/plazajuarez.mx\/historico\/wp-json\/wp\/v2\/posts\/144794\/revisions"}],"wp:featuredmedia":[{"embeddable":true,"href":"https:\/\/plazajuarez.mx\/historico\/wp-json\/wp\/v2\/media\/144813"}],"wp:attachment":[{"href":"https:\/\/plazajuarez.mx\/historico\/wp-json\/wp\/v2\/media?parent=144794"}],"wp:term":[{"taxonomy":"category","embeddable":true,"href":"https:\/\/plazajuarez.mx\/historico\/wp-json\/wp\/v2\/categories?post=144794"},{"taxonomy":"post_tag","embeddable":true,"href":"https:\/\/plazajuarez.mx\/historico\/wp-json\/wp\/v2\/tags?post=144794"}],"curies":[{"name":"wp","href":"https:\/\/api.w.org\/{rel}","templated":true}]}}