{"id":144785,"date":"2020-12-17T09:30:02","date_gmt":"2020-12-17T15:30:02","guid":{"rendered":"https:\/\/plazajuarez.mx\/?p=144785"},"modified":"2020-12-17T09:30:18","modified_gmt":"2020-12-17T15:30:18","slug":"realizan-paro-de-labores-policias-municipales-en-tula","status":"publish","type":"post","link":"https:\/\/plazajuarez.mx\/historico\/realizan-paro-de-labores-policias-municipales-en-tula\/","title":{"rendered":"Realizan paro de labores polic\u00edas municipales en Tula"},"content":{"rendered":"\n<p>Esta ma\u00f1ana elementos de la Polic\u00eda Municipal de Tula de Allende realizaron un paro de labores y piden la destituci\u00f3n del reci\u00e9n nombrado como titular de la corporaci\u00f3n Mario Vargas Soto.<\/p>\n\n\n\n<p>Los agentes manifiestan sus inconformidades porque no est\u00e1n de acuerdo con las decisiones que se toman al interior de la Polic\u00eda, ya que seg\u00fan ellos ya impone nuevos horarios.<\/p>\n\n\n\n<p>Otra de las exigencias es que cese el nombramiento de los mandos que se hacen y que recaen en polic\u00edas estatales.<\/p>\n\n\n\n<p>La movilizaci\u00f3n de los elementos de la Secretar\u00eda de Seguridad P\u00fablica Municipal de Tula dio inicio al filo de las 07:30 horas de hoy.<\/p>\n\n\n\n<p>Los manifestantes piden hablar con el Presidente Municipal Manuel Hern\u00e1ndez Badillo, para que d\u00e9 soluci\u00f3n a las demandas, sin embargo al momento solo fueron atendidos por el Secretario Municipal Francisco Guzm\u00e1n, sin llegar a acuerdo alguno.<\/p>\n","protected":false},"excerpt":{"rendered":"<p>Esta ma\u00f1ana elementos de la Polic\u00eda Municipal de Tula de Allende realizaron un paro de labores y piden la destituci\u00f3n del reci\u00e9n nombrado como titular de la corporaci\u00f3n Mario Vargas Soto. Los agentes manifiestan sus inconformidades porque no est\u00e1n de acuerdo con las decisiones que se toman al interior de la Polic\u00eda, ya que seg\u00fan [&hellip;]<\/p>\n","protected":false},"author":93,"featured_media":144789,"comment_status":"closed","ping_status":"open","sticky":false,"template":"","format":"standard","meta":{"footnotes":""},"categories":[37,15],"tags":[],"class_list":["post-144785","post","type-post","status-publish","format-standard","has-post-thumbnail","hentry","category-barandilla","category-destacadas"],"_links":{"self":[{"href":"https:\/\/plazajuarez.mx\/historico\/wp-json\/wp\/v2\/posts\/144785","targetHints":{"allow":["GET"]}}],"collection":[{"href":"https:\/\/plazajuarez.mx\/historico\/wp-json\/wp\/v2\/posts"}],"about":[{"href":"https:\/\/plazajuarez.mx\/historico\/wp-json\/wp\/v2\/types\/post"}],"author":[{"embeddable":true,"href":"https:\/\/plazajuarez.mx\/historico\/wp-json\/wp\/v2\/users\/93"}],"replies":[{"embeddable":true,"href":"https:\/\/plazajuarez.mx\/historico\/wp-json\/wp\/v2\/comments?post=144785"}],"version-history":[{"count":0,"href":"https:\/\/plazajuarez.mx\/historico\/wp-json\/wp\/v2\/posts\/144785\/revisions"}],"wp:featuredmedia":[{"embeddable":true,"href":"https:\/\/plazajuarez.mx\/historico\/wp-json\/wp\/v2\/media\/144789"}],"wp:attachment":[{"href":"https:\/\/plazajuarez.mx\/historico\/wp-json\/wp\/v2\/media?parent=144785"}],"wp:term":[{"taxonomy":"category","embeddable":true,"href":"https:\/\/plazajuarez.mx\/historico\/wp-json\/wp\/v2\/categories?post=144785"},{"taxonomy":"post_tag","embeddable":true,"href":"https:\/\/plazajuarez.mx\/historico\/wp-json\/wp\/v2\/tags?post=144785"}],"curies":[{"name":"wp","href":"https:\/\/api.w.org\/{rel}","templated":true}]}}