{"id":144767,"date":"2020-12-17T06:00:00","date_gmt":"2020-12-17T12:00:00","guid":{"rendered":"https:\/\/plazajuarez.mx\/?p=144767"},"modified":"2020-12-17T07:13:47","modified_gmt":"2020-12-17T13:13:47","slug":"laguna-de-voces-690","status":"publish","type":"post","link":"https:\/\/plazajuarez.mx\/historico\/laguna-de-voces-690\/","title":{"rendered":"LAGUNA DE VOCES"},"content":{"rendered":"\n<h2 class=\"wp-block-heading\"><strong>Juanito, el de la prepa<\/strong><\/h2>\n\n\n\n<p>A trav\u00e9s del Messenger, que muy pocos o ya casi nadie usa, Juanito Herrera, amigo de la prepa, me contact\u00f3 luego de 42 a\u00f1os, es decir toda una vida, es decir que en ese entonces yo ten\u00eda 17 y nos gustaba cantar, junto con Rafael, To\u00f1o, Salvador y Le\u00f3n, las canciones de \u00d3scar Ch\u00e1vez la mayor parte de la noche, en que asegur\u00e1bamos que existir era un milagro, y todav\u00eda m\u00e1s vivir con esperanza, \u201cporque la vida es triste si no la vivimos sin una ilusi\u00f3n\u201d.<\/p>\n\n\n\n<p>Para transportarnos por aquellas calles de colonias como la Gabriel Hern\u00e1ndez y la Mart\u00edn Carrera, donde nunca fuimos asaltados\u2026 nada m\u00e1s indicado que el Batim\u00f3vil de Rafael, la seriedad de To\u00f1o, los sue\u00f1os de riqueza de Salvador, y la sincera amabilidad de Juanito.<\/p>\n\n\n\n<p>En lo poco que se puede indagar a trav\u00e9s de&nbsp; una red social, me cont\u00f3 que ya se pension\u00f3 pero por invalidez, de tal modo que no quise preguntar m\u00e1s hasta que podamos reunirnos los mismos de entonces que, ahora, es evidente, ya no somos los mismos.<\/p>\n\n\n\n<p>Sin embargo, algo pasa cuando descubres que exististe con toda certeza en 1979, que estudiabas la preparatoria, el CCH para ser exactos, y que formabas parte de un grupo de amigos inseparables que ten\u00edan como costumbre cantarle a la luna, igual que el Sapo Cancionero.&nbsp;<\/p>\n\n\n\n<p>Igual que un d\u00eda nos encontramos en los primeros semestres de la escuela, sin m\u00e1s nos separamos para no saber nada, o casi nada de los seis que acostumbr\u00e1bamos esperar mucho de la vida, a lo mejor igual que la vida de nosotros. De tal modo que s\u00f3lo ahora que pienso con calma, resulta una bendici\u00f3n que uno pueda encontrar a personas que fueron tan valiosas en un pasado ya lejano, que estoy seguro estaban dispuestos a intentar volar si en un momento dado nos convenc\u00edamos que flotar\u00edamos al brincar de un edificio.<\/p>\n\n\n\n<p>Juanito Herrera siempre se caracteriz\u00f3 por ser el m\u00e1s amable con todos, el que velaba porque Rafael no chocara si la borrachera se nos trepaba en los hombros, el que lograba convencernos que deb\u00edamos caminar y abandonar el Batim\u00f3vil para que no fu\u00e9ramos presa de la polic\u00eda o un poste. As\u00ed que de alguna manera todos le debemos la vida.<\/p>\n\n\n\n<p>Seguramente la preparatoria, al igual que para muchos, fue la etapa m\u00e1s hermosa de mi vida en cuesti\u00f3n escolar, porque supe que el destino nos coloca en el camino de otras personas para dar testimonio de que vivimos, que los j\u00f3venes de 17 y 18 a\u00f1os de entonces ten\u00edan tal cantidad de sue\u00f1os, que hoy mismo sobran para mantenernos ilusionados.<\/p>\n\n\n\n<p>Juanito me cont\u00f3 que con todo y haber sido pensionado por invalidez se siente bien, es el mismo que re\u00eda a carcajadas escandalosas de los 17, el que no acostumbraba tomarse tan en serio los discursos y poes\u00edas funerarias que compon\u00edamos al aire Ignacio y el que escribe, y terminaba por burlarse para finalizar todos en esos mismos t\u00e9rminos.<\/p>\n\n\n\n<p>No nos tom\u00e1bamos la vida tan en serio y eso, en muchos sentidos, nos salv\u00f3 de nosotros mismos.<\/p>\n\n\n\n<p>Tan solo pensar que han pasado 42 a\u00f1os desde la \u00faltima vez que nos vimos, lleva a una reflexi\u00f3n l\u00f3gica de la prisa despiadada que tiene el tiempo.<\/p>\n\n\n\n<p>Sin embargo fueron esos a\u00f1os cuando logr\u00e9 fincar las amistades m\u00e1s ciertas, m\u00e1s reales, m\u00e1s sin esperanza de nada, como no sea el poder so\u00f1ar siempre en mejores tiempos, mejores posibilidades para las personas que am\u00e1bamos y amamos.<\/p>\n\n\n\n<p>Si existiera alguna foto de los cinco de entonces, apenas dejada la adolescencia para entrar en la juventud, con toda seguridad Juanito ser\u00eda el primero en soltar el primer comentario, siempre en tono festivo, y el que anotar\u00eda casi de inmediato que la fortuna, despu\u00e9s de todo, nos sonri\u00f3, por la simple y sencilla raz\u00f3n de que seguimos en esta realidad que nos toc\u00f3 en suerte.<\/p>\n\n\n\n<p>Abrigamos la esperanza de que el pr\u00f3ximo viaje en tren que hagamos sea de nuevo a Tlaxcala, antes que tome un rumbo a donde ya no hay retorno.<\/p>\n\n\n\n<p><strong>Mil gracias, hasta ma\u00f1ana.<\/strong><\/p>\n\n\n\n<p><a href=\"mailto:jeperalta@plazajuarez.mx\/historico\/historico\">jeperalta@plazajuarez.mx\/historico\/historico<\/a><\/p>\n\n\n\n<p>@JavierEPeralta<\/p>\n","protected":false},"excerpt":{"rendered":"<p>Juanito, el de la prepa A trav\u00e9s del Messenger, que muy pocos o ya casi nadie usa, Juanito Herrera, amigo de la prepa, me contact\u00f3 luego de 42 a\u00f1os, es decir toda una vida, es decir que en ese entonces yo ten\u00eda 17 y nos gustaba cantar, junto con Rafael, To\u00f1o, Salvador y Le\u00f3n, las [&hellip;]<\/p>\n","protected":false},"author":10,"featured_media":0,"comment_status":"closed","ping_status":"open","sticky":false,"template":"","format":"standard","meta":{"footnotes":""},"categories":[49,42],"tags":[],"class_list":["post-144767","post","type-post","status-publish","format-standard","hentry","category-javier-peralta","category-nuestrapalabra"],"_links":{"self":[{"href":"https:\/\/plazajuarez.mx\/historico\/wp-json\/wp\/v2\/posts\/144767","targetHints":{"allow":["GET"]}}],"collection":[{"href":"https:\/\/plazajuarez.mx\/historico\/wp-json\/wp\/v2\/posts"}],"about":[{"href":"https:\/\/plazajuarez.mx\/historico\/wp-json\/wp\/v2\/types\/post"}],"author":[{"embeddable":true,"href":"https:\/\/plazajuarez.mx\/historico\/wp-json\/wp\/v2\/users\/10"}],"replies":[{"embeddable":true,"href":"https:\/\/plazajuarez.mx\/historico\/wp-json\/wp\/v2\/comments?post=144767"}],"version-history":[{"count":0,"href":"https:\/\/plazajuarez.mx\/historico\/wp-json\/wp\/v2\/posts\/144767\/revisions"}],"wp:attachment":[{"href":"https:\/\/plazajuarez.mx\/historico\/wp-json\/wp\/v2\/media?parent=144767"}],"wp:term":[{"taxonomy":"category","embeddable":true,"href":"https:\/\/plazajuarez.mx\/historico\/wp-json\/wp\/v2\/categories?post=144767"},{"taxonomy":"post_tag","embeddable":true,"href":"https:\/\/plazajuarez.mx\/historico\/wp-json\/wp\/v2\/tags?post=144767"}],"curies":[{"name":"wp","href":"https:\/\/api.w.org\/{rel}","templated":true}]}}