{"id":144764,"date":"2020-12-17T06:00:00","date_gmt":"2020-12-17T12:00:00","guid":{"rendered":"https:\/\/plazajuarez.mx\/?p=144764"},"modified":"2020-12-16T23:19:09","modified_gmt":"2020-12-17T05:19:09","slug":"alfil-negro-1983","status":"publish","type":"post","link":"https:\/\/plazajuarez.mx\/historico\/alfil-negro-1983\/","title":{"rendered":"ALFIL NEGRO"},"content":{"rendered":"\n<h2 class=\"wp-block-heading\"><strong>PUEDEN SER PARA EL 2021<\/strong><\/h2>\n\n\n\n<p>En unos 5 meses y d\u00edas, tendremos elecciones en nuestro estado para elegir 18 diputados&nbsp; locales de mayor\u00eda y 12 de representaci\u00f3n proporcional, as\u00ed como 7 federales, en un proceso que ya est\u00e1 en marcha y que culmina con las votaciones el 6 de junio del a\u00f1o que viene.<\/p>\n\n\n\n<p>Por lo mismo, ya estamos en los tiempos en que se manejan los nombres de los que tienen posibilidades para ser candidatos para esos cargos.<\/p>\n\n\n\n<p>Desde luego y conforme a la ley, los actuales diputados tanto federales como locales se pueden reelegir conforme al marco que regula esta materia.<\/p>\n\n\n\n<p>Pero de verdad, \u00bfse atrever\u00eda usted a reelegir a los legisladores federales que dicen representar a Hidalgo como Simey Olvera, Lidia Garc\u00eda, Mar\u00eda Isabel Alfaro, Jannet T\u00e9llez, Julio C\u00e9sar \u00c1ngeles, Maribel Sol\u00eds o Fortunato Rivera?<\/p>\n\n\n\n<p>Parece que tienen pocas opciones, porque entre otras cosas no dijeron ni p\u00edo cuando se le recort\u00f3 dinero al estado para el 2021, porque, dijo Simey Olvera: &#8220;es que as\u00ed ven\u00eda de Hacienda&#8221;, y los otros por las mismas.<\/p>\n\n\n\n<p>En cuanto a los locales, con tanto brincadero ya no se sabe ni quienes son para esta hora los diputados locales, pues los hay como Baptista, que quiso ser alcalde y termin\u00f3 como regidor plurinominal, cargo que no desde\u00f1\u00f3 y ya protest\u00f3 como tal. Dicen que en otra maroma de cirquero, regresar\u00e1 al Congreso con una licencia como regidor. Que conste que es lo que dicen, aunque hay otra versi\u00f3n de que ya no regresar\u00eda.<\/p>\n\n\n\n<p>Parece que son pocos los que intentar\u00edan reelegirse, porque los del Grupo Universidad tienen tatuada en la frente el nombre de su patr\u00f3n que no es el estado, sino Sosa Castel\u00e1n, al que han servido con alma, vida y coraz\u00f3n.<\/p>\n\n\n\n<p>Como se ven muy pocas posibilidades de reelecci\u00f3n es cuando suenan no nombres de los que pueden ser.<\/p>\n\n\n\n<p>Apunte usted estos nombres: Benjam\u00edn Rico, que jug\u00f3 un papel muy importante en el triunfo de Sergio Ba\u00f1os y dio una lecci\u00f3n de madurez pol\u00edtica con trabajo serio a favor del ahora alcalde de Pachuca y de indudable lealtad y solidaridad con el gobernador Fayad. Mostr\u00f3 tama\u00f1os para ser candidato a una diputaci\u00f3n federal. Jos\u00e9 Luis Romo, Secretario Ejecutivo de Pol\u00edtica P\u00fablica con importantes logros en la atracci\u00f3n de inversiones al estado y con metas muy buenas en el combate a la pobreza. Ser\u00eda una voz respetable en San L\u00e1zaro.&nbsp;<\/p>\n\n\n\n<p>Jessica Blancas, actual secretaria de Finanzas. Su experiencia y logros en el manejo de los dineros p\u00fablicos ser\u00eda una buena presencia para M\u00e9xico en el tiempo que viene con problemas muy serios econ\u00f3micos.<\/p>\n\n\n\n<p>Apunte usted tambi\u00e9n a Jos\u00e9 Luis Guevara, titular de Transporte y Movilidad, a Julio Valera, actual Secretario General del CDE del PRI as\u00ed como a su presidenta Erika Rodr\u00edguez.<\/p>\n\n\n\n<p>Esto en cuanto al PRI, y ni se diga en los otros partidos que tambi\u00e9n tienen sus gallos.<\/p>\n\n\n\n<p>Por ello faltan muchos nombres en esta lucha electoral que ya est\u00e1 caminando.<\/p>\n","protected":false},"excerpt":{"rendered":"<p>PUEDEN SER PARA EL 2021 En unos 5 meses y d\u00edas, tendremos elecciones en nuestro estado para elegir 18 diputados&nbsp; locales de mayor\u00eda y 12 de representaci\u00f3n proporcional, as\u00ed como 7 federales, en un proceso que ya est\u00e1 en marcha y que culmina con las votaciones el 6 de junio del a\u00f1o que viene. Por [&hellip;]<\/p>\n","protected":false},"author":83,"featured_media":0,"comment_status":"closed","ping_status":"open","sticky":false,"template":"","format":"standard","meta":{"footnotes":""},"categories":[48,42],"tags":[],"class_list":["post-144764","post","type-post","status-publish","format-standard","hentry","category-adalberto-peralta","category-nuestrapalabra"],"_links":{"self":[{"href":"https:\/\/plazajuarez.mx\/historico\/wp-json\/wp\/v2\/posts\/144764","targetHints":{"allow":["GET"]}}],"collection":[{"href":"https:\/\/plazajuarez.mx\/historico\/wp-json\/wp\/v2\/posts"}],"about":[{"href":"https:\/\/plazajuarez.mx\/historico\/wp-json\/wp\/v2\/types\/post"}],"author":[{"embeddable":true,"href":"https:\/\/plazajuarez.mx\/historico\/wp-json\/wp\/v2\/users\/83"}],"replies":[{"embeddable":true,"href":"https:\/\/plazajuarez.mx\/historico\/wp-json\/wp\/v2\/comments?post=144764"}],"version-history":[{"count":0,"href":"https:\/\/plazajuarez.mx\/historico\/wp-json\/wp\/v2\/posts\/144764\/revisions"}],"wp:attachment":[{"href":"https:\/\/plazajuarez.mx\/historico\/wp-json\/wp\/v2\/media?parent=144764"}],"wp:term":[{"taxonomy":"category","embeddable":true,"href":"https:\/\/plazajuarez.mx\/historico\/wp-json\/wp\/v2\/categories?post=144764"},{"taxonomy":"post_tag","embeddable":true,"href":"https:\/\/plazajuarez.mx\/historico\/wp-json\/wp\/v2\/tags?post=144764"}],"curies":[{"name":"wp","href":"https:\/\/api.w.org\/{rel}","templated":true}]}}