{"id":144763,"date":"2020-12-17T06:00:00","date_gmt":"2020-12-17T12:00:00","guid":{"rendered":"https:\/\/plazajuarez.mx\/?p=144763"},"modified":"2020-12-16T23:17:49","modified_gmt":"2020-12-17T05:17:49","slug":"inicio-el-proceso-electoral-2020-2021","status":"publish","type":"post","link":"https:\/\/plazajuarez.mx\/historico\/inicio-el-proceso-electoral-2020-2021\/","title":{"rendered":"Inici\u00f3 el proceso electoral 2020-2021"},"content":{"rendered":"\n<p>Con cr\u00edticas al pasado proceso electoral, en el que seg\u00fan algunos representantes de partidos ante el Instituto Estatal Electoral de Hidalgo (IEEH), qued\u00f3 visto que \u201cviejas pr\u00e1cticas\u201d que ensucian los procesos electorales \u201csiguen vigentes\u201d, as\u00ed como el tema del programa de resultados preliminares que a pesar de haber sido pagado, no funcion\u00f3 (mismo con que al parecer defraudaron al instituto), inici\u00f3 el proceso electoral encaminado a las elecciones de 2021, en las que se renovar\u00e1 el Congreso Local.<\/p>\n\n\n\n<p>En sesi\u00f3n del IEEH, se realiz\u00f3 la \u201cinstalaci\u00f3n del Consejo General\u201d, con lo que se dio inicio formal del proceso electoral rumbo a la elecci\u00f3n de diputados locales que, en Hidalgo, son 30:&nbsp; 18 de mayor\u00eda relativa y 12 de representaci\u00f3n proporcional. Para el inicio de actividades, fue aprobada la convocatoria para la postulaci\u00f3n de candidaturas de partidos pol\u00edticos, coaliciones y candidaturas comunes.<\/p>\n\n\n\n<p>De igual forma, se aprob\u00f3 la convocatoria para quienes quieran ser \u201cObservadoras y Observadores Electorales\u201d, as\u00ed como, el&nbsp; calendario electoral que regir\u00e1 el proceso electoral.<\/p>\n\n\n\n<p>En su intervenci\u00f3n la consejera presidenta, Guillermina V\u00e1zquez Ben\u00edtez, se\u00f1al\u00f3 que el&nbsp; proceso electoral tiene como contexto la elecci\u00f3n federal, considerada como: \u201cla elecci\u00f3n m\u00e1s grande en la historia del pa\u00eds\u201d, por lo que refrend\u00f3 el trabajo del IEEH bajo los principios de actuaci\u00f3n.<\/p>\n\n\n\n<p>Tambi\u00e9n consider\u00f3 que resulta acertado calificarla como la \u201cElecci\u00f3n de la inclusi\u00f3n\u201d en Hidalgo.<\/p>\n","protected":false},"excerpt":{"rendered":"<p>Con cr\u00edticas al pasado proceso electoral, en el que seg\u00fan algunos representantes de partidos ante el Instituto Estatal Electoral de Hidalgo (IEEH), qued\u00f3 visto que \u201cviejas pr\u00e1cticas\u201d que ensucian los procesos electorales \u201csiguen vigentes\u201d, as\u00ed como el tema del programa de resultados preliminares que a pesar de haber sido pagado, no funcion\u00f3 (mismo con que [&hellip;]<\/p>\n","protected":false},"author":72,"featured_media":144773,"comment_status":"closed","ping_status":"open","sticky":false,"template":"","format":"standard","meta":{"footnotes":""},"categories":[15,59],"tags":[],"class_list":["post-144763","post","type-post","status-publish","format-standard","has-post-thumbnail","hentry","category-destacadas","category-general"],"_links":{"self":[{"href":"https:\/\/plazajuarez.mx\/historico\/wp-json\/wp\/v2\/posts\/144763","targetHints":{"allow":["GET"]}}],"collection":[{"href":"https:\/\/plazajuarez.mx\/historico\/wp-json\/wp\/v2\/posts"}],"about":[{"href":"https:\/\/plazajuarez.mx\/historico\/wp-json\/wp\/v2\/types\/post"}],"author":[{"embeddable":true,"href":"https:\/\/plazajuarez.mx\/historico\/wp-json\/wp\/v2\/users\/72"}],"replies":[{"embeddable":true,"href":"https:\/\/plazajuarez.mx\/historico\/wp-json\/wp\/v2\/comments?post=144763"}],"version-history":[{"count":0,"href":"https:\/\/plazajuarez.mx\/historico\/wp-json\/wp\/v2\/posts\/144763\/revisions"}],"wp:featuredmedia":[{"embeddable":true,"href":"https:\/\/plazajuarez.mx\/historico\/wp-json\/wp\/v2\/media\/144773"}],"wp:attachment":[{"href":"https:\/\/plazajuarez.mx\/historico\/wp-json\/wp\/v2\/media?parent=144763"}],"wp:term":[{"taxonomy":"category","embeddable":true,"href":"https:\/\/plazajuarez.mx\/historico\/wp-json\/wp\/v2\/categories?post=144763"},{"taxonomy":"post_tag","embeddable":true,"href":"https:\/\/plazajuarez.mx\/historico\/wp-json\/wp\/v2\/tags?post=144763"}],"curies":[{"name":"wp","href":"https:\/\/api.w.org\/{rel}","templated":true}]}}