{"id":144006,"date":"2020-12-11T07:34:26","date_gmt":"2020-12-11T13:34:26","guid":{"rendered":"https:\/\/plazajuarez.mx\/?p=144006"},"modified":"2020-12-11T07:34:46","modified_gmt":"2020-12-11T13:34:46","slug":"sociedad-y-gobierno-trabajan-contra-corrupcion-fayad","status":"publish","type":"post","link":"https:\/\/plazajuarez.mx\/historico\/sociedad-y-gobierno-trabajan-contra-corrupcion-fayad\/","title":{"rendered":"Sociedad y gobierno trabajan contra corrupci\u00f3n: Fayad"},"content":{"rendered":"\n<p>En el marco del D\u00eda Mundial del Combate a la Corrupci\u00f3n, el gobernador Omar Fayad entreg\u00f3 el Premio Estatal de Contralor\u00eda Social 2020, como prueba de que la sociedad hidalguense trabaja de mano con su administraci\u00f3n, con la finalidad de terminar con un dif\u00edcil lastre que ha afectado socialmente al pa\u00eds: la corrupci\u00f3n.<\/p>\n\n\n\n<p>Los galardones otorgados revelan el inter\u00e9s por hacer del servicio p\u00fablico una actividad transparente y honesta, capaz de responder a los retos y a las exigencias de una sociedad cada vez m\u00e1s participativa y consciente de su papel en la vida pol\u00edtica de la entidad; \u201cuna poblaci\u00f3n activa es el mejor contrapeso para cualquier gobierno\u201d, asegur\u00f3.&nbsp;<\/p>\n\n\n\n<p>\u201cHoy, somos el \u00fanico estado que llev\u00f3 a cabo el Premio Estatal de Contralor\u00eda 2020, incluso a nivel nacional se cancel\u00f3 el concurso. Nosotros ten\u00edamos que entregarlo porque sabemos que este premio es un incentivo y reconocimiento a las mejores pr\u00e1cticas realizadas por los comit\u00e9s\u201d.&nbsp;<\/p>\n\n\n\n<p>El jefe del Ejecutivo estatal precis\u00f3 que la integraci\u00f3n de los comit\u00e9s de contralor\u00eda social durante esta administraci\u00f3n, permitieron a Hidalgo ser el primer lugar en el Premio Nacional de Contralor\u00eda Social 2019, reconocido por la Secretar\u00eda de la Funci\u00f3n P\u00fablica por segunda ocasi\u00f3n, de manera consecutiva.<\/p>\n\n\n\n<p>Adem\u00e1s de los comit\u00e9s de contralor\u00eda social, se suman a otros esfuerzos del gobierno de Omar Fayad hacia una mayor transparencia y honestidad. Por ejemplo, el registro ante el padr\u00f3n de proveedores del gobierno, que es un tr\u00e1mite 100 por ciento (%) digital.<\/p>\n","protected":false},"excerpt":{"rendered":"<p>En el marco del D\u00eda Mundial del Combate a la Corrupci\u00f3n, el gobernador Omar Fayad entreg\u00f3 el Premio Estatal de Contralor\u00eda Social 2020, como prueba de que la sociedad hidalguense trabaja de mano con su administraci\u00f3n, con la finalidad de terminar con un dif\u00edcil lastre que ha afectado socialmente al pa\u00eds: la corrupci\u00f3n. Los galardones [&hellip;]<\/p>\n","protected":false},"author":93,"featured_media":144008,"comment_status":"closed","ping_status":"open","sticky":false,"template":"","format":"standard","meta":{"footnotes":""},"categories":[15,59],"tags":[],"class_list":["post-144006","post","type-post","status-publish","format-standard","has-post-thumbnail","hentry","category-destacadas","category-general"],"_links":{"self":[{"href":"https:\/\/plazajuarez.mx\/historico\/wp-json\/wp\/v2\/posts\/144006","targetHints":{"allow":["GET"]}}],"collection":[{"href":"https:\/\/plazajuarez.mx\/historico\/wp-json\/wp\/v2\/posts"}],"about":[{"href":"https:\/\/plazajuarez.mx\/historico\/wp-json\/wp\/v2\/types\/post"}],"author":[{"embeddable":true,"href":"https:\/\/plazajuarez.mx\/historico\/wp-json\/wp\/v2\/users\/93"}],"replies":[{"embeddable":true,"href":"https:\/\/plazajuarez.mx\/historico\/wp-json\/wp\/v2\/comments?post=144006"}],"version-history":[{"count":0,"href":"https:\/\/plazajuarez.mx\/historico\/wp-json\/wp\/v2\/posts\/144006\/revisions"}],"wp:featuredmedia":[{"embeddable":true,"href":"https:\/\/plazajuarez.mx\/historico\/wp-json\/wp\/v2\/media\/144008"}],"wp:attachment":[{"href":"https:\/\/plazajuarez.mx\/historico\/wp-json\/wp\/v2\/media?parent=144006"}],"wp:term":[{"taxonomy":"category","embeddable":true,"href":"https:\/\/plazajuarez.mx\/historico\/wp-json\/wp\/v2\/categories?post=144006"},{"taxonomy":"post_tag","embeddable":true,"href":"https:\/\/plazajuarez.mx\/historico\/wp-json\/wp\/v2\/tags?post=144006"}],"curies":[{"name":"wp","href":"https:\/\/api.w.org\/{rel}","templated":true}]}}