{"id":143999,"date":"2020-12-11T07:29:29","date_gmt":"2020-12-11T13:29:29","guid":{"rendered":"https:\/\/plazajuarez.mx\/?p=143999"},"modified":"2020-12-11T07:29:48","modified_gmt":"2020-12-11T13:29:48","slug":"eligieron-al-nuevo-presidente-del-cceh","status":"publish","type":"post","link":"https:\/\/plazajuarez.mx\/historico\/eligieron-al-nuevo-presidente-del-cceh\/","title":{"rendered":"ELIGIERON AL NUEVO PRESIDENTE DEL CCEH"},"content":{"rendered":"\n<p>El Consejo Coordinador Empresarial de Hidalgo (CCEH) realiz\u00f3, ayer, el proceso de elecci\u00f3n del presidente de la mesa directiva para el periodo 2021 \u2013 2022, el cual entrar\u00e1 en funciones el primero de enero del pr\u00f3ximo a\u00f1o.<\/p>\n\n\n\n<p>La convocatoria fue publicada&nbsp; el pasado 26 de noviembre y la elecci\u00f3n interna se celebr\u00f3 ayer, en la que presidentes de c\u00e1maras y asociaciones, as\u00ed como consejeros afiliados al organismo sufragaron su voto de manera libre y secreta, ejercicio del cual result\u00f3 ganador el Ing. Carlos Henkel Escorza, quien fuera hace algunos a\u00f1os Presidente de la C\u00e1mara de la Construcci\u00f3n en Hidalgo.<\/p>\n","protected":false},"excerpt":{"rendered":"<p>El Consejo Coordinador Empresarial de Hidalgo (CCEH) realiz\u00f3, ayer, el proceso de elecci\u00f3n del presidente de la mesa directiva para el periodo 2021 \u2013 2022, el cual entrar\u00e1 en funciones el primero de enero del pr\u00f3ximo a\u00f1o. La convocatoria fue publicada&nbsp; el pasado 26 de noviembre y la elecci\u00f3n interna se celebr\u00f3 ayer, en la [&hellip;]<\/p>\n","protected":false},"author":73,"featured_media":144000,"comment_status":"closed","ping_status":"open","sticky":false,"template":"","format":"standard","meta":{"footnotes":""},"categories":[59],"tags":[],"class_list":["post-143999","post","type-post","status-publish","format-standard","has-post-thumbnail","hentry","category-general"],"_links":{"self":[{"href":"https:\/\/plazajuarez.mx\/historico\/wp-json\/wp\/v2\/posts\/143999","targetHints":{"allow":["GET"]}}],"collection":[{"href":"https:\/\/plazajuarez.mx\/historico\/wp-json\/wp\/v2\/posts"}],"about":[{"href":"https:\/\/plazajuarez.mx\/historico\/wp-json\/wp\/v2\/types\/post"}],"author":[{"embeddable":true,"href":"https:\/\/plazajuarez.mx\/historico\/wp-json\/wp\/v2\/users\/73"}],"replies":[{"embeddable":true,"href":"https:\/\/plazajuarez.mx\/historico\/wp-json\/wp\/v2\/comments?post=143999"}],"version-history":[{"count":0,"href":"https:\/\/plazajuarez.mx\/historico\/wp-json\/wp\/v2\/posts\/143999\/revisions"}],"wp:featuredmedia":[{"embeddable":true,"href":"https:\/\/plazajuarez.mx\/historico\/wp-json\/wp\/v2\/media\/144000"}],"wp:attachment":[{"href":"https:\/\/plazajuarez.mx\/historico\/wp-json\/wp\/v2\/media?parent=143999"}],"wp:term":[{"taxonomy":"category","embeddable":true,"href":"https:\/\/plazajuarez.mx\/historico\/wp-json\/wp\/v2\/categories?post=143999"},{"taxonomy":"post_tag","embeddable":true,"href":"https:\/\/plazajuarez.mx\/historico\/wp-json\/wp\/v2\/tags?post=143999"}],"curies":[{"name":"wp","href":"https:\/\/api.w.org\/{rel}","templated":true}]}}