{"id":143991,"date":"2020-12-11T07:15:50","date_gmt":"2020-12-11T13:15:50","guid":{"rendered":"https:\/\/plazajuarez.mx\/?p=143991"},"modified":"2020-12-11T07:16:09","modified_gmt":"2020-12-11T13:16:09","slug":"alfil-negro-1979","status":"publish","type":"post","link":"https:\/\/plazajuarez.mx\/historico\/alfil-negro-1979\/","title":{"rendered":"ALFIL NEGRO"},"content":{"rendered":"\n<h2 class=\"wp-block-heading\"><strong>AHORA QUE HAY TIEMPO\u00a0<\/strong><\/h2>\n\n\n\n<p>Ahora que hay tiempo,<br>que las estrellas brillan<br>que vuela el colibr\u00ed<br>y la luna est\u00e1 cerca.<\/p>\n\n\n\n<p>Ahora que miramos<br>el vuelo del cometa,<br>que luci\u00e9rnagas blancas<br>alumbran el camino,<br>ahora que podemos<br>sentir el viento fresco,<br>mirar c\u00f3mo en las tardes<br>el \u00e1rbol danza en verde.<br><br>Ahora que tenemos<br>la vida en nuestras manos,<br>hagamos de este tiempo<br>una puerta de plata,<br>por donde pase el canto<br>del coraz\u00f3n cantando<br>y de la voz eterna.<\/p>\n\n\n\n<p><br>Ahora que hay tiempo,<br>digamos a la esposa<br>lo mucho que la amamos,<br>lo bello de sus ojos,<br>que extra\u00f1amos sus risas<br>y su voz y sus pasos,<br>ahora no ma\u00f1ana<br>que nadie te asegura<br>que aqu\u00ed estar\u00e1s por siempre.<\/p>\n\n\n\n<p>Ahora que hay tiempo<br>abraza con cari\u00f1o<br>uno a uno tus hijos,<br>y diles que los quieres<br>lo que sientes por ellos,<br>la alegr\u00eda del momento<br>en que ellos llegaron,<br>sus a\u00f1os de peque\u00f1os;<br>Quince a\u00f1os de la Nena,<br>graduaci\u00f3n ya m\u00e1s de grandes,<br>las noches del insomnio<br>cuando enfermaron ni\u00f1os,<br>y agradece a la vida<br>Y al Se\u00f1or de los siglos,<br>poder decir contento:<br>Hijo o hija, llorando<br>de emoci\u00f3n y contento<br>los hijos, nuestros hijos\u2026&nbsp;<\/p>\n\n\n\n<p>Ahora que hay tiempo<br>abraza a tus hermanos,<br>que sientan que en tu vida<br>son imagen del padre<br>o de la madre&nbsp; ausente,<br>y que caminar con ellos<br>se agradece a la vida\u2026&nbsp;<\/p>\n\n\n\n<p>Ahora que hay tiempo<br>h\u00e1blale a tus amigos,<br>compa\u00f1eros de escuela<br>de trabajo o de fiesta,<br>y agradece por siempre<br>haberlos encontrado\u2026&nbsp;<\/p>\n\n\n\n<p>Ahora que hay tiempo,<br>ahora que hay vida,<br>cuando el caf\u00e9 caliente<br>sabe a noches de escarcha,<br>ahora que comemos<br>chinicuiles en salsa,<br>tamales rojos y verdes,<br>y nos llega hasta el alma<br>las campanas del pueblo<br>frijoles de epazote.&nbsp;<\/p>\n\n\n\n<p>Porque al fin del camino<br>no otra cosa es la vida<br>por eso digo fuerte:<\/p>\n\n\n\n<p>\u00a1Ahora que hay tiempo<br>hay que hacerlo sin duda!<br>Despu\u00e9s de poco sirve<br>porque el tiempo se acaba.<\/p>\n","protected":false},"excerpt":{"rendered":"<p>AHORA QUE HAY TIEMPO\u00a0 Ahora que hay tiempo,que las estrellas brillanque vuela el colibr\u00edy la luna est\u00e1 cerca. Ahora que miramosel vuelo del cometa,que luci\u00e9rnagas blancasalumbran el camino,ahora que podemossentir el viento fresco,mirar c\u00f3mo en las tardesel \u00e1rbol danza en verde. Ahora que tenemosla vida en nuestras manos,hagamos de este tiempouna puerta de plata,por donde [&hellip;]<\/p>\n","protected":false},"author":83,"featured_media":0,"comment_status":"closed","ping_status":"open","sticky":false,"template":"","format":"standard","meta":{"footnotes":""},"categories":[48,42],"tags":[],"class_list":["post-143991","post","type-post","status-publish","format-standard","hentry","category-adalberto-peralta","category-nuestrapalabra"],"_links":{"self":[{"href":"https:\/\/plazajuarez.mx\/historico\/wp-json\/wp\/v2\/posts\/143991","targetHints":{"allow":["GET"]}}],"collection":[{"href":"https:\/\/plazajuarez.mx\/historico\/wp-json\/wp\/v2\/posts"}],"about":[{"href":"https:\/\/plazajuarez.mx\/historico\/wp-json\/wp\/v2\/types\/post"}],"author":[{"embeddable":true,"href":"https:\/\/plazajuarez.mx\/historico\/wp-json\/wp\/v2\/users\/83"}],"replies":[{"embeddable":true,"href":"https:\/\/plazajuarez.mx\/historico\/wp-json\/wp\/v2\/comments?post=143991"}],"version-history":[{"count":0,"href":"https:\/\/plazajuarez.mx\/historico\/wp-json\/wp\/v2\/posts\/143991\/revisions"}],"wp:attachment":[{"href":"https:\/\/plazajuarez.mx\/historico\/wp-json\/wp\/v2\/media?parent=143991"}],"wp:term":[{"taxonomy":"category","embeddable":true,"href":"https:\/\/plazajuarez.mx\/historico\/wp-json\/wp\/v2\/categories?post=143991"},{"taxonomy":"post_tag","embeddable":true,"href":"https:\/\/plazajuarez.mx\/historico\/wp-json\/wp\/v2\/tags?post=143991"}],"curies":[{"name":"wp","href":"https:\/\/api.w.org\/{rel}","templated":true}]}}