{"id":143989,"date":"2020-12-11T07:13:56","date_gmt":"2020-12-11T13:13:56","guid":{"rendered":"https:\/\/plazajuarez.mx\/?p=143989"},"modified":"2020-12-11T07:14:15","modified_gmt":"2020-12-11T13:14:15","slug":"dese-por-enterado-814","status":"publish","type":"post","link":"https:\/\/plazajuarez.mx\/historico\/dese-por-enterado-814\/","title":{"rendered":"DESE POR ENTERADO"},"content":{"rendered":"\n<p><strong>CAMBIO DE SE\u00d1ALES DESDE EL ALTIPLANO.-<\/strong> Por supuesto que el destinatario de sus ahora halagos puede creerle o no creerles, luego que durante mucho tiempo no lo bajaron de incapaz y represor de la inteligencia. Pero un hecho rotundo es que el todav\u00eda m\u00e1ximo l\u00edder del Grupo Universidad decidi\u00f3 desde su cautiverio en el penal de El Altiplano mandar nuevas se\u00f1ales a \u201cuna m\u00e1s de las Empresas del Patronato Universitario\u201d, para que en las p\u00e1ginas del diario que imprimen no dejaran pasar d\u00eda sin congraciarse con la administraci\u00f3n del gobernador Fayad. \u00bfY a estos, qu\u00e9 les pic\u00f3, o qu\u00e9 se traen? \u00d3rdenes son \u00f3rdenes, y patr\u00f3n es patr\u00f3n, de tal modo que de un d\u00eda para otro cambiaron de rostro. Ni hablar, \u201cbisnes son bisnes\u201d.<\/p>\n\n\n\n<hr class=\"wp-block-separator\"\/>\n\n\n\n<p><strong>JOS\u00c9 LUIS ROMO CRUZ.-<\/strong> El titular de la Secretar\u00eda Ejecutiva de la Pol\u00edtica P\u00fablica, encabez\u00f3 la presentaci\u00f3n del programa Nafin-Hidalgo 2020, que buscar\u00e1 proteger el empleo de 13 mil hidalguenses, mediante la aplicaci\u00f3n de recursos crediticios por 240 millones de pesos. Romo Cruz, sin duda uno de los funcionarios del actual r\u00e9gimen de m\u00e1s alto nivel acad\u00e9mico y mejores relaciones en el plano internacional, se perfila como indiscutible aspirante tricolor a una diputaci\u00f3n federal con merecimientos propios. Es bueno verlo de nueva cuenta en el plano p\u00fablico, luego de dedicar tiempo completo a crear una estructura de planificaci\u00f3n que diera l\u00f3gica a la dependencia que hoy dirige. Ser\u00e1, no hay duda que ser\u00e1.<\/p>\n\n\n\n<hr class=\"wp-block-separator\"\/>\n\n\n\n<p><strong>PABLO VARGAS EN CDMX.-<\/strong> El ex candidato de Morena a la alcald\u00eda de Pachuca, el doctor Pablo Vargas, acudi\u00f3 a la Ciudad de M\u00e9xico para presentar un documento al Presidente L\u00f3pez Obrador, en el que de acuerdo a su \u00f3ptica, se prueba el fraude electoral cometido en los pasados comicios municipales no s\u00f3lo en su contra, sino de otros abanderados morenistas. Pablo, sin embargo, reconoci\u00f3 en un mensaje dirigido a quienes lo acompa\u00f1aron que el resultado dif\u00edcilmente cambiar\u00e1, aunque sostuvo que abogar\u00e1 porque la relaci\u00f3n del gobierno federal con el estatal cambie por lo que denuncia. Por asuntos del destino, su denuncia vuelve a coincidir con posicionamientos del Grupo Universidad, hoy dedicado a congraciarse con el gobierno estatal. Pablo sin duda es un&nbsp; hombre inteligente que sabr\u00e1 separar caminos de la citada agrupaci\u00f3n caciquil, todav\u00eda instalada en la UAEH.<\/p>\n\n\n\n<hr class=\"wp-block-separator\"\/>\n\n\n\n<p><strong>ESE VIDEO DEL CONGRESO.-<\/strong> Jocoso s\u00ed, muy cercano a un mensaje de Venga la Alegr\u00eda o algo cercano a esa cala\u00f1a, tambi\u00e9n; pero se trata de los legisladores hidalguenses, no todos claro est\u00e1, que le desean feliz navidad y pr\u00f3spero a\u00f1o nuevo, en un video largu\u00edsimo y con efectos que primero dan risa y luego pena ajena. \u00bfPor qu\u00e9 motivo hicieron semejante acci\u00f3n, o que abducci\u00f3n extraterrestre les llev\u00f3 a caer en esos desfiguros? No lo sabemos. Pero de la jocosidad a la ridiculez hay un paso muy, pero muy peque\u00f1o. No lo olviden.<\/p>\n\n\n\n<hr class=\"wp-block-separator\"\/>\n\n\n\n<p><strong><em>Aviso para que no digan: Esa columna se nutre de comentarios recabados en agencias del Recontra-Espionaje, muy similares a las que populariz\u00f3 el \u201cS\u00faper Agente 86\u201d en sus tiempos. Como tal, usted est\u00e1 en libertad de creer o no lo que lee, recontra-enojarse, recontra-carcajearse y hasta recontra-recordarnos a nuestra jefecita (nosotros recontra-hacemos lo propio). Avisado est\u00e1 usted.<\/em><\/strong><\/p>\n\n\n\n<p>Dudas y comentarios:<\/p>\n\n\n\n<p><a href=\"mailto:desexenterado@gmail.com\">desexenterado@gmail.com<\/a><\/p>\n\n\n\n<p>@desexenterado<\/p>\n","protected":false},"excerpt":{"rendered":"<p>CAMBIO DE SE\u00d1ALES DESDE EL ALTIPLANO.- Por supuesto que el destinatario de sus ahora halagos puede creerle o no creerles, luego que durante mucho tiempo no lo bajaron de incapaz y represor de la inteligencia. Pero un hecho rotundo es que el todav\u00eda m\u00e1ximo l\u00edder del Grupo Universidad decidi\u00f3 desde su cautiverio en el penal [&hellip;]<\/p>\n","protected":false},"author":93,"featured_media":0,"comment_status":"closed","ping_status":"open","sticky":false,"template":"","format":"standard","meta":{"footnotes":""},"categories":[83],"tags":[],"class_list":["post-143989","post","type-post","status-publish","format-standard","hentry","category-dese-por-enterado"],"_links":{"self":[{"href":"https:\/\/plazajuarez.mx\/historico\/wp-json\/wp\/v2\/posts\/143989","targetHints":{"allow":["GET"]}}],"collection":[{"href":"https:\/\/plazajuarez.mx\/historico\/wp-json\/wp\/v2\/posts"}],"about":[{"href":"https:\/\/plazajuarez.mx\/historico\/wp-json\/wp\/v2\/types\/post"}],"author":[{"embeddable":true,"href":"https:\/\/plazajuarez.mx\/historico\/wp-json\/wp\/v2\/users\/93"}],"replies":[{"embeddable":true,"href":"https:\/\/plazajuarez.mx\/historico\/wp-json\/wp\/v2\/comments?post=143989"}],"version-history":[{"count":0,"href":"https:\/\/plazajuarez.mx\/historico\/wp-json\/wp\/v2\/posts\/143989\/revisions"}],"wp:attachment":[{"href":"https:\/\/plazajuarez.mx\/historico\/wp-json\/wp\/v2\/media?parent=143989"}],"wp:term":[{"taxonomy":"category","embeddable":true,"href":"https:\/\/plazajuarez.mx\/historico\/wp-json\/wp\/v2\/categories?post=143989"},{"taxonomy":"post_tag","embeddable":true,"href":"https:\/\/plazajuarez.mx\/historico\/wp-json\/wp\/v2\/tags?post=143989"}],"curies":[{"name":"wp","href":"https:\/\/api.w.org\/{rel}","templated":true}]}}