{"id":143753,"date":"2020-12-09T07:19:59","date_gmt":"2020-12-09T13:19:59","guid":{"rendered":"https:\/\/plazajuarez.mx\/?p=143753"},"modified":"2020-12-09T07:20:18","modified_gmt":"2020-12-09T13:20:18","slug":"sector-salud-une-esfuerzos-para-atencion-de-covid-19","status":"publish","type":"post","link":"https:\/\/plazajuarez.mx\/historico\/sector-salud-une-esfuerzos-para-atencion-de-covid-19\/","title":{"rendered":"Sector Salud une esfuerzos para atenci\u00f3n de COVID-19"},"content":{"rendered":"\n<p>Con la finalidad de garantizar la cobertura en la atenci\u00f3n de pacientes con Covid-19, el Instituto Mexicano del Seguro Social y el Sindicato Nacional de Trabajadores del Seguro Social (SNTSS) firmaron un convenio de colaboraci\u00f3n.<\/p>\n\n\n\n<p>Lo anterior con el prop\u00f3sito de fortalecer el \u201c\u00faltimo jal\u00f3n\u201d ante la situaci\u00f3n cr\u00edtica por la pandemia sanitaria por el coronavirus, principalmente durante diciembre del 2020 y hasta febrero del pr\u00f3ximo a\u00f1o.<\/p>\n\n\n\n<p>Con el acuerdo se otorgan beneficios al personal m\u00e9dico y de enfermer\u00eda que prestan sus servicios en los equipos de respuesta Covid en las unidades m\u00e9dicas reconvertidas para atenci\u00f3n de pacientes con esta enfermedad y en unidades temporales Covid del R\u00e9gimen Ordinario e IMSS-BIENESTAR.<\/p>\n\n\n\n<p>Cabe destacar que el \u201c\u00faltimo jal\u00f3n\u201d hace referencia a tres puntos que benefician a m\u00e9dicos, enfermeras y todo el personal de salud que hacen que el Seguro Social est\u00e9 de pie en medio del reto de salud p\u00fablica m\u00e1s grande en los \u00faltimos 100 a\u00f1os.&nbsp;<\/p>\n","protected":false},"excerpt":{"rendered":"<p>Con la finalidad de garantizar la cobertura en la atenci\u00f3n de pacientes con Covid-19, el Instituto Mexicano del Seguro Social y el Sindicato Nacional de Trabajadores del Seguro Social (SNTSS) firmaron un convenio de colaboraci\u00f3n. Lo anterior con el prop\u00f3sito de fortalecer el \u201c\u00faltimo jal\u00f3n\u201d ante la situaci\u00f3n cr\u00edtica por la pandemia sanitaria por el [&hellip;]<\/p>\n","protected":false},"author":73,"featured_media":143754,"comment_status":"closed","ping_status":"open","sticky":false,"template":"","format":"standard","meta":{"footnotes":""},"categories":[59],"tags":[],"class_list":["post-143753","post","type-post","status-publish","format-standard","has-post-thumbnail","hentry","category-general"],"_links":{"self":[{"href":"https:\/\/plazajuarez.mx\/historico\/wp-json\/wp\/v2\/posts\/143753","targetHints":{"allow":["GET"]}}],"collection":[{"href":"https:\/\/plazajuarez.mx\/historico\/wp-json\/wp\/v2\/posts"}],"about":[{"href":"https:\/\/plazajuarez.mx\/historico\/wp-json\/wp\/v2\/types\/post"}],"author":[{"embeddable":true,"href":"https:\/\/plazajuarez.mx\/historico\/wp-json\/wp\/v2\/users\/73"}],"replies":[{"embeddable":true,"href":"https:\/\/plazajuarez.mx\/historico\/wp-json\/wp\/v2\/comments?post=143753"}],"version-history":[{"count":0,"href":"https:\/\/plazajuarez.mx\/historico\/wp-json\/wp\/v2\/posts\/143753\/revisions"}],"wp:featuredmedia":[{"embeddable":true,"href":"https:\/\/plazajuarez.mx\/historico\/wp-json\/wp\/v2\/media\/143754"}],"wp:attachment":[{"href":"https:\/\/plazajuarez.mx\/historico\/wp-json\/wp\/v2\/media?parent=143753"}],"wp:term":[{"taxonomy":"category","embeddable":true,"href":"https:\/\/plazajuarez.mx\/historico\/wp-json\/wp\/v2\/categories?post=143753"},{"taxonomy":"post_tag","embeddable":true,"href":"https:\/\/plazajuarez.mx\/historico\/wp-json\/wp\/v2\/tags?post=143753"}],"curies":[{"name":"wp","href":"https:\/\/api.w.org\/{rel}","templated":true}]}}