{"id":143739,"date":"2020-12-09T07:11:48","date_gmt":"2020-12-09T13:11:48","guid":{"rendered":"https:\/\/plazajuarez.mx\/?p=143739"},"modified":"2020-12-09T07:12:01","modified_gmt":"2020-12-09T13:12:01","slug":"laguna-de-voces-687","status":"publish","type":"post","link":"https:\/\/plazajuarez.mx\/historico\/laguna-de-voces-687\/","title":{"rendered":"LAGUNA DE VOCES"},"content":{"rendered":"\n<h2 class=\"wp-block-heading\"><strong>Los fantasmas que miramos somos nosotros<\/strong><\/h2>\n\n\n\n<!--more-->\n\n\n\n<p>Desconozco cuando dej\u00e9 de prestarle atenci\u00f3n a los fantasmas que caminan por los pasillos del peri\u00f3dico, se sientan en las bancas del jard\u00edn, miran con infinita calma el bamboleo de los cipreses, juegan el agua invisible de la fuente seca y de pronto se desaparecen. Un tiempo me gustaba escucharlos jalar sillas a manera de protesta, tocar con los nudillos las paredes de tablaroca, caminar con marcialidad de un lado a otro, y seguro celebrar los sustos que pegaban. Eran unos fantasmas que cumpl\u00edan con creces la encomienda que tienen todos los que ya no est\u00e1n, pero siguen presos de la vida por alguna raz\u00f3n.<\/p>\n\n\n\n<p>Luego que se hizo costumbre cambiaron la t\u00e1ctica, y todo el tiempo los que escrib\u00edan hasta entrada la noche, aseguraban que alguien se asomaba por sus hombros, que incluso les animaban a contar otras cosas que no fueran las notas del d\u00eda. Pero muchos empezaron a quejarse de semejante intromisi\u00f3n y de nuevo se fueron, o se hicieron los desentendidos para volver al jard\u00edn, a los pasillos, a la existencia extra que durante mucho tiempo practicaron con todo arte y voluntad.<\/p>\n\n\n\n<p>Cuando se colocaron las c\u00e1maras de vigilancia, por aquello de los vivos que se pasan de vivos, adquirieron la man\u00eda de sentirse artistas y posaban largas horas en actitud de espanto, pero eso dur\u00f3 poco, porque siempre han sido fieles a su costumbre de tener la mejor compostura con miradas so\u00f1adoras, llenas de ilusi\u00f3n, para dejar testimonio de que hay mucho despu\u00e9s de que se les declar\u00f3 difuntos.<\/p>\n\n\n\n<p>A quien dej\u00e9 de ver, tal vez para siempre aunque quiero pensar que no es as\u00ed, es a una mujer de abrigo azul marino con una ni\u00f1a de la mano de pelo lacio y ojos de inocencia absoluta, no tristes, s\u00ed en cambio curiosos, todav\u00eda con la pregunta a la mano de qu\u00e9 hace en un lugar como una redacci\u00f3n.<\/p>\n\n\n\n<p>Debe ser el fr\u00edo de estas \u00e9pocas el que los ha ahuyentado, pero estoy seguro que andan por ah\u00ed, guarecidos entre rollos gigantes de papel, en preparaci\u00f3n para una nueva \u00e9poca en que por fuerza tendr\u00e1n que ser luminosos, plenos del sol que en estos d\u00edas no se aparece por ning\u00fan lado.<\/p>\n\n\n\n<p>Todo lugar en la tierra tiene sus fantasmas. Pocos o casi ninguno son aterradores, porque&nbsp; ese fue un invento de las pel\u00edculas para atraer gente a las salas. Tampoco son amigables como Gaspar\u00edn. No, no responden a ning\u00fan modelo de los que conocemos.<\/p>\n\n\n\n<p>Simplemente siguen con su vida, y esa debe ser la raz\u00f3n por la que a veces se ausentan o dejamos de ponerles atenci\u00f3n.<\/p>\n\n\n\n<p>Pero son fieles a su causa, la causa de la eternidad, y por lo tanto cada vez que se dan un tiempo caminan por aqu\u00ed, por all\u00e1; dan golpecitos leves a las paredes, soplan en la oreja o simplemente se sientan a mirar la ma\u00f1ana, la tarde, la noche, los d\u00edas.<\/p>\n\n\n\n<p>En una de esas somos nosotros los que ya no estamos, porque a fuerza de echarle razonamiento al asunto, nunca hemos tenido la seguridad de estar aqu\u00ed, para mirar, observar. Es muy posible que sea al rev\u00e9s, y que en esta tarde de congelador, empiecen a preguntarse cu\u00e1l es el gusto de un grupo de hombres y mujeres que escriben, acomodan notas en una pantalla, le sacan una placa de acero, la meten en una m\u00e1quina y sacan un mantel de letras y fotos para llevarlos a la calle.<\/p>\n\n\n\n<p>Est\u00e1n a gusto. Estamos a gusto.<\/p>\n\n\n\n<p>Ellos miran, o nosotros los miramos. Es un hecho que nadie sabe qui\u00e9nes son los fantasmas. A lo mejor doy m\u00e1s lata con el teclear de la computadora, la m\u00fasica que pongo en el est\u00e9reo, el tel\u00e9fono que suena.<\/p>\n\n\n\n<p>Sepa Dios. Pero estamos en alg\u00fan lugar, y de vez en cuando nos miramos directo a los ojos, ninguno de los cuales es de calavera, sino de rostros que dejan en claro la vida.<\/p>\n\n\n\n<p><strong>Mil gracias, hasta ma\u00f1ana.<\/strong><\/p>\n\n\n\n<p><a href=\"mailto:jeperalta@plazajuarez.mx\/historico\/historico\">jeperalta@plazajuarez.mx\/historico\/historico<\/a><\/p>\n\n\n\n<p>@JavierEPeralta<\/p>\n","protected":false},"excerpt":{"rendered":"<p>Los fantasmas que miramos somos nosotros<\/p>\n","protected":false},"author":10,"featured_media":0,"comment_status":"closed","ping_status":"open","sticky":false,"template":"","format":"standard","meta":{"footnotes":""},"categories":[49,42],"tags":[],"class_list":["post-143739","post","type-post","status-publish","format-standard","hentry","category-javier-peralta","category-nuestrapalabra"],"_links":{"self":[{"href":"https:\/\/plazajuarez.mx\/historico\/wp-json\/wp\/v2\/posts\/143739","targetHints":{"allow":["GET"]}}],"collection":[{"href":"https:\/\/plazajuarez.mx\/historico\/wp-json\/wp\/v2\/posts"}],"about":[{"href":"https:\/\/plazajuarez.mx\/historico\/wp-json\/wp\/v2\/types\/post"}],"author":[{"embeddable":true,"href":"https:\/\/plazajuarez.mx\/historico\/wp-json\/wp\/v2\/users\/10"}],"replies":[{"embeddable":true,"href":"https:\/\/plazajuarez.mx\/historico\/wp-json\/wp\/v2\/comments?post=143739"}],"version-history":[{"count":0,"href":"https:\/\/plazajuarez.mx\/historico\/wp-json\/wp\/v2\/posts\/143739\/revisions"}],"wp:attachment":[{"href":"https:\/\/plazajuarez.mx\/historico\/wp-json\/wp\/v2\/media?parent=143739"}],"wp:term":[{"taxonomy":"category","embeddable":true,"href":"https:\/\/plazajuarez.mx\/historico\/wp-json\/wp\/v2\/categories?post=143739"},{"taxonomy":"post_tag","embeddable":true,"href":"https:\/\/plazajuarez.mx\/historico\/wp-json\/wp\/v2\/tags?post=143739"}],"curies":[{"name":"wp","href":"https:\/\/api.w.org\/{rel}","templated":true}]}}