{"id":143736,"date":"2020-12-09T07:10:06","date_gmt":"2020-12-09T13:10:06","guid":{"rendered":"https:\/\/plazajuarez.mx\/?p=143736"},"modified":"2020-12-09T07:10:24","modified_gmt":"2020-12-09T13:10:24","slug":"alfil-negro-1977","status":"publish","type":"post","link":"https:\/\/plazajuarez.mx\/historico\/alfil-negro-1977\/","title":{"rendered":"ALFIL NEGRO"},"content":{"rendered":"\n<h2 class=\"wp-block-heading\"><strong>AMENAZA EL SEM\u00c1FORO ROJO<\/strong><\/h2>\n\n\n\n<!--more-->\n\n\n\n<p>Que Hidalgo vuelva a estar en sem\u00e1foro rojo es una posibilidad porque los contagios y lo que esto provoca no bajan, sobre todo en los \u00faltimos d\u00edas, y la ocupaci\u00f3n de los hospitales parece que va al alza, con el grave problema de carencia de medicamentos, como ha dicho el Secretario de Salud, Alejandro Efra\u00edn Ben\u00edtez, y no porque no se tenga con qu\u00e9 comprarlas, sino por una realidad que nos dice que no hay medicamentos en el pa\u00eds.<\/p>\n\n\n\n<p>En nuestro estado, tenemos m\u00e1s de 19 mil casos de Covid, much\u00edsimos ya resueltos y cerca de tres mil fallecidos, que la verdad son muchos y con el temor de la enfermedad creciendo.<\/p>\n\n\n\n<p>A los da\u00f1os que provoca el Covid, y que es sin duda el m\u00e1s fuerte, se deben sumar los da\u00f1os provocados en la econom\u00eda, que Edgar Esp\u00ednola, Presidente del Consejo Coordinador Empresarial de Hidalgo, califica de muy serio, con efectos de cierres de medianas y peque\u00f1as empresas y p\u00e9rdida de miles de empleos.&nbsp;<\/p>\n\n\n\n<p>Es cierto que el gobierno del estado ha actuado con prontitud y certeza para enfrentar la pandemia y con las mismas virtudes el asunto de la econom\u00eda, con apuestas de reactivaci\u00f3n econ\u00f3mica que, en la etapa que plante\u00f3 el gobernador con la denominaci\u00f3n <em>&#8220;Hidalgo m\u00e1s fuerte&#8221;<\/em>, busca lograr inversiones por 30 mil millones de pesos y generar 20 mil nuevas empleos, con 4 acciones que quieren lograr apoyos reales para las empresas que hay en Hidalgo para que no cierren, se fortalezcan y permanezcan los empleos.<\/p>\n\n\n\n<p>Pero para que estas medidas puedan estar en marcha, hace falta que estemos en un sem\u00e1foro por lo menos naranja y no en rojo.<\/p>\n\n\n\n<p>Y el color rojo es una amenaza real sino se componen las cosas.<\/p>\n\n\n\n<p>La respuesta est\u00e1 en toda la sociedad, en cada ciudadano, sobre todo evitando reuniones de mucha gente, lo que se puede dar en este mes de diciembre cuando llega la Navidad y el fin de a\u00f1o, fechas de reuniones que por esta vez deben ser con poca gente, y sin invitados, por la propia seguridad y as\u00ed frenar los contagios.<\/p>\n\n\n\n<p>Si no nos responsabilizamos con seriedad y hacemos lo que nos toca hacer, la luz que brillar\u00e1 en navidad va a ser la de un sem\u00e1foro en rojo.<\/p>\n\n\n\n<p><strong>De nosotros depende\u2026&nbsp;<\/strong><\/p>\n","protected":false},"excerpt":{"rendered":"<p>AMENAZA EL SEM\u00c1FORO ROJO<\/p>\n","protected":false},"author":83,"featured_media":0,"comment_status":"closed","ping_status":"open","sticky":false,"template":"","format":"standard","meta":{"footnotes":""},"categories":[48,42],"tags":[],"class_list":["post-143736","post","type-post","status-publish","format-standard","hentry","category-adalberto-peralta","category-nuestrapalabra"],"_links":{"self":[{"href":"https:\/\/plazajuarez.mx\/historico\/wp-json\/wp\/v2\/posts\/143736","targetHints":{"allow":["GET"]}}],"collection":[{"href":"https:\/\/plazajuarez.mx\/historico\/wp-json\/wp\/v2\/posts"}],"about":[{"href":"https:\/\/plazajuarez.mx\/historico\/wp-json\/wp\/v2\/types\/post"}],"author":[{"embeddable":true,"href":"https:\/\/plazajuarez.mx\/historico\/wp-json\/wp\/v2\/users\/83"}],"replies":[{"embeddable":true,"href":"https:\/\/plazajuarez.mx\/historico\/wp-json\/wp\/v2\/comments?post=143736"}],"version-history":[{"count":0,"href":"https:\/\/plazajuarez.mx\/historico\/wp-json\/wp\/v2\/posts\/143736\/revisions"}],"wp:attachment":[{"href":"https:\/\/plazajuarez.mx\/historico\/wp-json\/wp\/v2\/media?parent=143736"}],"wp:term":[{"taxonomy":"category","embeddable":true,"href":"https:\/\/plazajuarez.mx\/historico\/wp-json\/wp\/v2\/categories?post=143736"},{"taxonomy":"post_tag","embeddable":true,"href":"https:\/\/plazajuarez.mx\/historico\/wp-json\/wp\/v2\/tags?post=143736"}],"curies":[{"name":"wp","href":"https:\/\/api.w.org\/{rel}","templated":true}]}}